{"id":4277,"date":"2025-05-01T21:55:27","date_gmt":"2025-05-01T18:55:27","guid":{"rendered":"https:\/\/www.lauluvaljak.ee\/uncategorized\/koik-lauluvaljaku-uritused-on-1-maini-edasi-lukatud\/"},"modified":"2025-05-01T21:55:27","modified_gmt":"2025-05-01T18:55:27","slug":"koik-lauluvaljaku-uritused-on-1-maini-edasi-lukatud","status":"publish","type":"post","link":"https:\/\/www.lauluvaljak.ee\/en\/news\/koik-lauluvaljaku-uritused-on-1-maini-edasi-lukatud\/","title":{"rendered":"K\u00d5IK LAULUV\u00c4LJAKU \u00dcRITUSED ON 1. MAINI EDASI L\u00dcKATUD"},"content":{"rendered":"\n<p class=\"wp-el\">Seoses erakorralise olukorraga on k\u00f5ik Tallinna Lauluv\u00e4ljakul toimuma pidanud sise- ja v\u00e4li\u00fcritused v\u00e4hemalt 1. maini edasi l\u00fckatud.\u00a0<br>\u00a0<br>Lauluv\u00e4ljaku administratiivhoone on sel perioodil suletud. Lauluv\u00e4ljaku suur pargiala on aga jalutamiseks ja rattas\u00f5iduks avatud iga p\u00e4ev. Seni t\u00f6\u00f6tame selle nimel et meie poolt saaksid suvised s\u00fcndmused toimuda.<br>\u00a0<br>V\u00e4ltige rahvarohkeid paikasid, viibige v\u00e4rskes \u00f5hus ja looduses, p\u00fcsige terved!<\/p>\n","protected":false},"excerpt":{"rendered":"<p>Seoses erakorralise olukorraga on k\u00f5ik Tallinna Lauluv\u00e4ljakul toimuma pidanud sise- ja v\u00e4li\u00fcritused v\u00e4hemalt 1. maini edasi l\u00fckatud.\u00a0\u00a0Lauluv\u00e4ljaku administratiivhoone on sel&#8230;<\/p>\n","protected":false},"author":1,"featured_media":489,"comment_status":"closed","ping_status":"closed","sticky":false,"template":"","format":"standard","meta":{"_acf_changed":false,"inline_featured_image":false,"footnotes":""},"categories":[2],"class_list":["post-4277","post","type-post","status-publish","format-standard","has-post-thumbnail","hentry","category-news"],"acf":[],"_links":{"self":[{"href":"https:\/\/www.lauluvaljak.ee\/en\/wp-json\/wp\/v2\/posts\/4277","targetHints":{"allow":["GET"]}}],"collection":[{"href":"https:\/\/www.lauluvaljak.ee\/en\/wp-json\/wp\/v2\/posts"}],"about":[{"href":"https:\/\/www.lauluvaljak.ee\/en\/wp-json\/wp\/v2\/types\/post"}],"author":[{"embeddable":true,"href":"https:\/\/www.lauluvaljak.ee\/en\/wp-json\/wp\/v2\/users\/1"}],"replies":[{"embeddable":true,"href":"https:\/\/www.lauluvaljak.ee\/en\/wp-json\/wp\/v2\/comments?post=4277"}],"version-history":[{"count":0,"href":"https:\/\/www.lauluvaljak.ee\/en\/wp-json\/wp\/v2\/posts\/4277\/revisions"}],"wp:featuredmedia":[{"embeddable":true,"href":"https:\/\/www.lauluvaljak.ee\/en\/wp-json\/wp\/v2\/media\/489"}],"wp:attachment":[{"href":"https:\/\/www.lauluvaljak.ee\/en\/wp-json\/wp\/v2\/media?parent=4277"}],"wp:term":[{"taxonomy":"category","embeddable":true,"href":"https:\/\/www.lauluvaljak.ee\/en\/wp-json\/wp\/v2\/categories?post=4277"}],"curies":[{"name":"wp","href":"https:\/\/api.w.org\/{rel}","templated":true}]}}