{"id":4260,"date":"2025-05-01T21:56:41","date_gmt":"2025-05-01T18:56:41","guid":{"rendered":"https:\/\/www.lauluvaljak.ee\/uncategorized\/laulukaare-uus-valguslahendus\/"},"modified":"2025-05-01T21:56:41","modified_gmt":"2025-05-01T18:56:41","slug":"laulukaare-uus-valguslahendus","status":"publish","type":"post","link":"https:\/\/www.lauluvaljak.ee\/en\/news\/laulukaare-uus-valguslahendus\/","title":{"rendered":"Laulukaare uus valguslahendus"},"content":{"rendered":"<div class=\"ama-block block-txtmedia\"><div class=\"block__body\"><div class=\"body__content\">\n\n<p class=\"has-semi-large-font-size wp-el\">Lauluv\u00e4ljaku Tuletorn\u00a0 ja Raadiotorn\u00a0said modernse valgustuse, mida esitleti avalikkusele\u00a016. m\u00e4rtsi \u00f5htul.<\/p>\n\n\n\n<p class=\"wp-el\">Kui\u00a0eelmisel aastal sai moodsa valgustuse laulukaar ning peahoone, siis\u00a0n\u00fc\u00fcd on pimeduse\u00a0saabudes t\u00e4ies ilus n\u00e4htavad ka Tuletorn ja Raadiotorn, ehk siis valmis sai Tallinna Lauluv\u00e4ljaku laulukaare kompleksi valguslahendus.<\/p>\n\n\n\n<p class=\"wp-el\">\u201eJuba peamaja ning laulukaare\u00a0valgustust\u00f6id ette v\u00f5ttes oli selge, et samal\u00a0p\u00f5him\u00f5ttel peame lahendama Tuletorni ja Raadiotorni esile t\u00f5stmise,\u201c \u00fctles\u00a0Tallinna\u00a0Lauluv\u00e4ljaku juhataja\u00a0Urmo Saareoja, \u201en\u00fc\u00fcd on t\u00f6\u00f6d l\u00f5petatud ning\u00a0terviklikku tulemust v\u00f5ib iga\u00fcks tulla h\u00e4maruse saabudes nautima. Eesti \u00fcks\u00a0s\u00fcmboolsemaid objekte on saanud\u00a0endale v\u00e4ga v\u00e4\u00e4rika t\u00e4ienduse. Samuti t\u00f5stab valgustuse suurendamine ala \u00fcldist turvalisust.\u201c<\/p>\n\n<\/div><div class=\"body__media\"><div class=\"splide\" data-splide={\"type\":\"fade\",\"pagination\":false}><div class=\"splide__track\"><ul class=\"splide__list\"><li class=\"splide__slide\"><a href=\"https:\/\/www.lauluvaljak.ee\/wp-content\/uploads\/2025\/05\/laulukaare_kompleks_valgustatud_uudis.png\" data-fancybox=\"txtmedia-block_25d66f17c777fd68a703a0a7f374525e\"><img decoding=\"async\" width=\"620\" height=\"380\" src=\"https:\/\/www.lauluvaljak.ee\/wp-content\/uploads\/bis-images\/584\/laulukaare_kompleks_valgustatud_uudis-620x380-f50_50.png\" class=\"attachment-620x380\" alt=\"laulukaare_kompleks_valgustatud_uudis\" loading=\"lazy\" \/><\/a><\/li><\/ul><\/div><div class=\"splide__arrows hide-arrows\"><div class=\"splide__arrows\"><button class=\"splide__arrow splide__arrow--prev\"><svg xmlns=\"http:\/\/www.w3.org\/2000\/svg\" width=\"15\" height=\"11.25\" viewBox=\"0 0 15 11.25\"><path d=\"M-2457.2-3425.987a.754.754,0,0,0,0-1.136l-3.788-3.449h11.1a.847.847,0,0,0,.883-.8.847.847,0,0,0-.883-.8h-11.1l3.787-3.449a.754.754,0,0,0,0-1.136.945.945,0,0,0-1.248,0l-5.293,4.821a.753.753,0,0,0,0,1.137l5.293,4.821a.927.927,0,0,0,.625.236A.927.927,0,0,0-2457.2-3425.987Z\" transform=\"translate(2464.001 3437.001)\" fill=\"currentColor\"\/><\/svg><\/button><button class=\"splide__arrow splide__arrow--next\"><svg xmlns=\"http:\/\/www.w3.org\/2000\/svg\" width=\"15\" height=\"11.25\" viewBox=\"0 0 15 11.25\"><path d=\"M-2455.8-3425.987a.754.754,0,0,1,0-1.136l3.788-3.449h-11.1a.847.847,0,0,1-.883-.8.847.847,0,0,1,.883-.8h11.1l-3.787-3.448a.754.754,0,0,1,0-1.136.945.945,0,0,1,1.248,0l5.293,4.821a.753.753,0,0,1,0,1.137l-5.293,4.821a.927.927,0,0,1-.625.236A.927.927,0,0,1-2455.8-3425.987Z\" transform=\"translate(2464.001 3437.001)\" fill=\"currentColor\"\/><\/svg><\/button><\/div><\/div><\/div><\/div><\/div><\/div>\n\n\n<p class=\"wp-el\">Saareoja lisas, et uus valguslahendus\u00a0v\u00f5ib saada tulevikus Lauluv\u00e4ljakul toimuvate \u00fcrituste oluliseks osaks. \u201eMeie v\u00f5imekad\u00a0pro\u017eektorid ning moodsad juhtimiss\u00fcsteemid on pannud juba\u00a0valguskunstnike\u00a0m\u00f5tted t\u00e4isk\u00e4igul t\u00f6\u00f6le ning olen kindel, et kui kontserdid ja etendused saavad\u00a0taas osaks meie igap\u00e4eva elust, n\u00e4eme seal erakordselt p\u00f5nevaid valgusm\u00e4nge.\u201c<br>\u00a0<br>T\u00f6\u00f6d teostanud ettev\u00f5tte RGB\u00a0Baltic O\u00dc juht\u00a0Peeter Randv\u00e4li\u00a0tundis r\u00f5\u00f5mu, et on saanud anda\u00a0panuse Lauluv\u00e4ljaku arengusse. \u201eSarnaselt peahoone ja laulukaare valgustusele tegime\u00a0ka\u00a0n\u00fc\u00fcd v\u00e4ga p\u00f5hjaliku eelt\u00f6\u00f6, et tulemus oleks maksimaalse kvaliteediga.\u00a0Tegemist on meie riigi \u00fche visiitkaardiga ning iga detail peab siin paigas\u00a0olema. Loodan, et laulukaare kompleks on\u00a0eeskujuks ning j\u00e4rjest enam hooneid\u00a0saab arhitektuuri r\u00f5hutava valgustuse v\u00f5rra rikkamaks. Eestis on p\u00e4ris palju\u00a0pimedat aega ning sellised valguslahendused teevad inimestele r\u00f5\u00f5mu.<br>\u00a0<br>Tallinna Lauluv\u00e4ljaku laulukaare\u00a0kompleksi valguslahenduse teise etapi teostamine l\u00e4ks maksma 23 000 eurot. 2020.\u00a0aasta jaanuaris valmis laulukaare ning peahoone valguslahendus. M\u00f5lema\u00a0etapi\u00a0t\u00f6\u00f6d teostas ettev\u00f5te RGB Baltic O\u00dc.\u00a0<\/p>\n","protected":false},"excerpt":{"rendered":"<p>Saareoja lisas, et uus valguslahendus\u00a0v\u00f5ib saada tulevikus Lauluv\u00e4ljakul toimuvate \u00fcrituste oluliseks osaks. \u201eMeie v\u00f5imekad\u00a0pro\u017eektorid ning moodsad juhtimiss\u00fcsteemid on pannud juba\u00a0valguskunstnike\u00a0m\u00f5tted&#8230;<\/p>\n","protected":false},"author":1,"featured_media":584,"comment_status":"closed","ping_status":"closed","sticky":false,"template":"","format":"standard","meta":{"_acf_changed":false,"inline_featured_image":false,"footnotes":""},"categories":[2],"class_list":["post-4260","post","type-post","status-publish","format-standard","has-post-thumbnail","hentry","category-news"],"acf":[],"_links":{"self":[{"href":"https:\/\/www.lauluvaljak.ee\/en\/wp-json\/wp\/v2\/posts\/4260","targetHints":{"allow":["GET"]}}],"collection":[{"href":"https:\/\/www.lauluvaljak.ee\/en\/wp-json\/wp\/v2\/posts"}],"about":[{"href":"https:\/\/www.lauluvaljak.ee\/en\/wp-json\/wp\/v2\/types\/post"}],"author":[{"embeddable":true,"href":"https:\/\/www.lauluvaljak.ee\/en\/wp-json\/wp\/v2\/users\/1"}],"replies":[{"embeddable":true,"href":"https:\/\/www.lauluvaljak.ee\/en\/wp-json\/wp\/v2\/comments?post=4260"}],"version-history":[{"count":0,"href":"https:\/\/www.lauluvaljak.ee\/en\/wp-json\/wp\/v2\/posts\/4260\/revisions"}],"wp:featuredmedia":[{"embeddable":true,"href":"https:\/\/www.lauluvaljak.ee\/en\/wp-json\/wp\/v2\/media\/584"}],"wp:attachment":[{"href":"https:\/\/www.lauluvaljak.ee\/en\/wp-json\/wp\/v2\/media?parent=4260"}],"wp:term":[{"taxonomy":"category","embeddable":true,"href":"https:\/\/www.lauluvaljak.ee\/en\/wp-json\/wp\/v2\/categories?post=4260"}],"curies":[{"name":"wp","href":"https:\/\/api.w.org\/{rel}","templated":true}]}}