{"id":4259,"date":"2025-05-01T21:56:46","date_gmt":"2025-05-01T18:56:46","guid":{"rendered":"https:\/\/www.lauluvaljak.ee\/uncategorized\/lauluvaljaku-kulastuskeskus-kogub-laulva-revolutsiooni-malestusi\/"},"modified":"2025-05-01T21:56:46","modified_gmt":"2025-05-01T18:56:46","slug":"lauluvaljaku-kulastuskeskus-kogub-laulva-revolutsiooni-malestusi","status":"publish","type":"post","link":"https:\/\/www.lauluvaljak.ee\/en\/news\/lauluvaljaku-kulastuskeskus-kogub-laulva-revolutsiooni-malestusi\/","title":{"rendered":"Lauluv\u00e4ljaku k\u00fclastuskeskus kogub laulva revolutsiooni m\u00e4lestusi"},"content":{"rendered":"<div class=\"ama-block block-txtmedia\"><div class=\"block__body\"><div class=\"body__content\">\n\n<p class=\"has-semi-large-font-size wp-el\">Sel suvel t\u00e4histab Eesti Vabariik taasiseseisvumise kolmek\u00fcmnendat aastap\u00e4eva.<\/p>\n\n\n\n<p class=\"wp-el\">Tallinna Lauluv\u00e4ljak, kus toimusid laulva revolutsiooni m\u00e4rgilised s\u00fcndmused, valmistab ette p\u00fcsiekspositsiooni ning kogub sellealast digimaterjali.<\/p>\n\n\n\n<p class=\"wp-el\">Oodatud on 1987. ja 1988. aastal Lauluv\u00e4ljakul toimunud s\u00fcndmustega (\u00f6\u00f6laulupeod, rahvakogunemised jms) seotud materjalid \u2013 fotod, filmid, videod, mida saab digitaalselt koguda ja s\u00e4ilitada.<\/p>\n\n\n\n<p class=\"wp-el\">Digitaalselt v\u00f5ib saata ka fotosid kirjadest, artiklitest jms. Kogutud materjalist p\u00f5nevamaid leide eksponeeritakse loodavas p\u00fcsiekspositsioonis k\u00fclastuskeskuses.<\/p>\n\n\n\n<p class=\"wp-el\">Digimaterjalide saatmiseks palume saata e-mail aadressile&nbsp;<br><a href=\"mailto:info@lauluvaljak.ee\">info@lauluvaljak.ee<\/a>&nbsp;ning subjektiks m\u00e4rkida kindlasti&nbsp; laulev revolutsioon.<\/p>\n\n\n\n<p class=\"wp-el\">Digim\u00e4lestiste kogumine kestab kuni&nbsp;<strong>10. maini 2021 k.a.<\/strong><\/p>\n\n<\/div><div class=\"body__media\"><div class=\"splide\" data-splide={\"type\":\"fade\",\"pagination\":false}><div class=\"splide__track\"><ul class=\"splide__list\"><li class=\"splide__slide\"><a href=\"https:\/\/www.lauluvaljak.ee\/wp-content\/uploads\/2025\/05\/delegaatide-saatmine-17.06.1988-foto-tonu-talivee_1200x.jpg\" data-fancybox=\"txtmedia-block_a5aea829b4b5c22852dbd596ab6d6319\"><img decoding=\"async\" width=\"620\" height=\"380\" src=\"https:\/\/www.lauluvaljak.ee\/wp-content\/uploads\/bis-images\/586\/delegaatide-saatmine-17.06.1988-foto-tonu-talivee_1200x-620x380-f50_50.jpg\" class=\"attachment-620x380\" alt=\"delegaatide-saatmine-17.06.1988-foto-tonu-talivee_1200x\" loading=\"lazy\" \/><\/a><\/li><li class=\"splide__slide\"><a href=\"https:\/\/www.lauluvaljak.ee\/wp-content\/uploads\/2025\/05\/kulastuskeskus_joonis_1200x.jpg\" data-fancybox=\"txtmedia-block_a5aea829b4b5c22852dbd596ab6d6319\"><img decoding=\"async\" width=\"620\" height=\"380\" src=\"https:\/\/www.lauluvaljak.ee\/wp-content\/uploads\/bis-images\/588\/kulastuskeskus_joonis_1200x-620x380-f50_50.jpg\" class=\"attachment-620x380\" alt=\"kulastuskeskus_joonis_1200x\" loading=\"lazy\" \/><\/a><\/li><\/ul><\/div><div class=\"splide__arrows\"><button class=\"splide__arrow splide__arrow--prev\"><svg xmlns=\"http:\/\/www.w3.org\/2000\/svg\" width=\"15\" height=\"11.25\" viewBox=\"0 0 15 11.25\"><path d=\"M-2457.2-3425.987a.754.754,0,0,0,0-1.136l-3.788-3.449h11.1a.847.847,0,0,0,.883-.8.847.847,0,0,0-.883-.8h-11.1l3.787-3.449a.754.754,0,0,0,0-1.136.945.945,0,0,0-1.248,0l-5.293,4.821a.753.753,0,0,0,0,1.137l5.293,4.821a.927.927,0,0,0,.625.236A.927.927,0,0,0-2457.2-3425.987Z\" transform=\"translate(2464.001 3437.001)\" fill=\"currentColor\"\/><\/svg><\/button><button class=\"splide__arrow splide__arrow--next\"><svg xmlns=\"http:\/\/www.w3.org\/2000\/svg\" width=\"15\" height=\"11.25\" viewBox=\"0 0 15 11.25\"><path d=\"M-2455.8-3425.987a.754.754,0,0,1,0-1.136l3.788-3.449h-11.1a.847.847,0,0,1-.883-.8.847.847,0,0,1,.883-.8h11.1l-3.787-3.448a.754.754,0,0,1,0-1.136.945.945,0,0,1,1.248,0l5.293,4.821a.753.753,0,0,1,0,1.137l-5.293,4.821a.927.927,0,0,1-.625.236A.927.927,0,0,1-2455.8-3425.987Z\" transform=\"translate(2464.001 3437.001)\" fill=\"currentColor\"\/><\/svg><\/button><\/div><\/div><\/div><\/div><\/div>\n\n\n<p class=\"wp-el\"><strong>Lauluv\u00e4ljaku k\u00fclastuskeskus<\/strong>, mis on hetkel loomisel, koondab endasse laulva revolutsiooni&nbsp; ning nende s\u00fcndmuste m\u00e4lestuse j\u00e4\u00e4dvustamise ja eksponeerimise.<br>K\u00fclastuskeskuse eesm\u00e4rk on pakkuda ainulaadset harivat-elamuslikku ajaveetmise v\u00f5imalust Eesti kultuuri maam\u00e4rgina, laulupidude ja laulva revolutsiooni h\u00e4llina tuntud kohas.<\/p>\n\n\n\n<p class=\"wp-el\">K\u00fclastuskeskuse pind laulukaare siseruumides&nbsp;on ligikaudu 350 ruutmeetrit.<\/p>\n\n\n\n<p class=\"wp-el\">Ajalooga tutvumise k\u00f5rval on siin v\u00f5imalik l\u00e4bi viia ka haridusprogramme kooli\u00f5pilastele, korraldada kohtumis\u00f5htuid laulupidude ja laulva revolutsiooni sangaritega ning korraldada temaatilisi n\u00e4itusi.<\/p>\n\n\n\n<p class=\"wp-el\">Ekspositsiooni peakuraator on Helen Lausma-Saar. Kaaskuraatoriteks Marge Allandi, Riho Paramonov, Risto Lehiste. K\u00fclastuskeskuse ekspositsiooni visiooni koostas Motor O\u00dc.<\/p>\n\n\n\n<p class=\"wp-el\">K\u00fclastuskeskus plaanitakse avada 2021 teisel poolaastal.<\/p>\n","protected":false},"excerpt":{"rendered":"<p>Lauluv\u00e4ljaku k\u00fclastuskeskus, mis on hetkel loomisel, koondab endasse laulva revolutsiooni&nbsp; ning nende s\u00fcndmuste m\u00e4lestuse j\u00e4\u00e4dvustamise ja eksponeerimise.K\u00fclastuskeskuse eesm\u00e4rk on pakkuda&#8230;<\/p>\n","protected":false},"author":1,"featured_media":586,"comment_status":"closed","ping_status":"closed","sticky":false,"template":"","format":"standard","meta":{"_acf_changed":false,"inline_featured_image":false,"footnotes":""},"categories":[2],"class_list":["post-4259","post","type-post","status-publish","format-standard","has-post-thumbnail","hentry","category-news"],"acf":[],"_links":{"self":[{"href":"https:\/\/www.lauluvaljak.ee\/en\/wp-json\/wp\/v2\/posts\/4259","targetHints":{"allow":["GET"]}}],"collection":[{"href":"https:\/\/www.lauluvaljak.ee\/en\/wp-json\/wp\/v2\/posts"}],"about":[{"href":"https:\/\/www.lauluvaljak.ee\/en\/wp-json\/wp\/v2\/types\/post"}],"author":[{"embeddable":true,"href":"https:\/\/www.lauluvaljak.ee\/en\/wp-json\/wp\/v2\/users\/1"}],"replies":[{"embeddable":true,"href":"https:\/\/www.lauluvaljak.ee\/en\/wp-json\/wp\/v2\/comments?post=4259"}],"version-history":[{"count":0,"href":"https:\/\/www.lauluvaljak.ee\/en\/wp-json\/wp\/v2\/posts\/4259\/revisions"}],"wp:featuredmedia":[{"embeddable":true,"href":"https:\/\/www.lauluvaljak.ee\/en\/wp-json\/wp\/v2\/media\/586"}],"wp:attachment":[{"href":"https:\/\/www.lauluvaljak.ee\/en\/wp-json\/wp\/v2\/media?parent=4259"}],"wp:term":[{"taxonomy":"category","embeddable":true,"href":"https:\/\/www.lauluvaljak.ee\/en\/wp-json\/wp\/v2\/categories?post=4259"}],"curies":[{"name":"wp","href":"https:\/\/api.w.org\/{rel}","templated":true}]}}