{"id":4253,"date":"2025-05-01T21:57:11","date_gmt":"2025-05-01T18:57:11","guid":{"rendered":"https:\/\/www.lauluvaljak.ee\/uncategorized\/eesti-noorte-kultuuritalentide-toetuseks-kogutakse-100-tuhat-eurot\/"},"modified":"2025-05-01T21:57:11","modified_gmt":"2025-05-01T18:57:11","slug":"eesti-noorte-kultuuritalentide-toetuseks-kogutakse-100-tuhat-eurot","status":"publish","type":"post","link":"https:\/\/www.lauluvaljak.ee\/en\/news\/eesti-noorte-kultuuritalentide-toetuseks-kogutakse-100-tuhat-eurot\/","title":{"rendered":"Eesti noorte kultuuritalentide toetuseks kogutakse 100 tuhat eurot!"},"content":{"rendered":"<div class=\"ama-block block-txtmedia\"><div class=\"block__body\"><div class=\"body__content\">\n\n<p class=\"has-semi-large-font-size wp-el\"><strong>Tallinna Lauluv\u00e4ljak ja Kultuuripartnerluse SA plaanivad Eesti noorte kultuuritalentide toetuseks koguda 100 tuhat eurot. \u00a0<\/strong><\/p>\n\n\n\n<p class=\"wp-el\">Tallinna Lauluv\u00e4ljak ja Kultuuripartnerluse SA algatasid koost\u00f6\u00f6projekti, mille raames v\u00e4\u00e4rtustub lauluv\u00e4ljaku territoorium j\u00e4rgneva kahe aasta jooksul kahek\u00fcmne viie Eesti kultuuri-ja \u00fchiskonnaelu suurtegija nime kandva m\u00e4lestusepingi v\u00f5rra. Sama projekti raames saavad omakorda kaksk\u00fcmmend viis noort Eesti kultuurielu talenti \u00fchekordse toetuse suurusj\u00e4rgus 4000 eurot. Kokku loodavad seega projekti, mille tinglik nimetus on \u201e75+\u201c algatajad koguda suurusj\u00e4rgus 100 tuhat eurot, seda vastavalt kahek\u00fcmne viielt eraannetajalt.<\/p>\n\n<\/div><div class=\"body__media\"><div class=\"splide\" data-splide={\"type\":\"fade\",\"pagination\":false}><div class=\"splide__track\"><ul class=\"splide__list\"><li class=\"splide__slide\"><a href=\"https:\/\/www.lauluvaljak.ee\/wp-content\/uploads\/2025\/05\/lauluvaljak_sygis_pingilistuja_2021.jpg\" data-fancybox=\"txtmedia-block_dee42e289f6d26f50d7d7a882635179f\"><img decoding=\"async\" width=\"620\" height=\"380\" src=\"https:\/\/www.lauluvaljak.ee\/wp-content\/uploads\/bis-images\/608\/lauluvaljak_sygis_pingilistuja_2021-620x380-f50_50.jpg\" class=\"attachment-620x380\" alt=\"lauluvaljak_sygis_pingilistuja_2021\" loading=\"lazy\" \/><\/a><\/li><\/ul><\/div><div class=\"splide__arrows hide-arrows\"><div class=\"splide__arrows\"><button class=\"splide__arrow splide__arrow--prev\"><svg xmlns=\"http:\/\/www.w3.org\/2000\/svg\" width=\"15\" height=\"11.25\" viewBox=\"0 0 15 11.25\"><path d=\"M-2457.2-3425.987a.754.754,0,0,0,0-1.136l-3.788-3.449h11.1a.847.847,0,0,0,.883-.8.847.847,0,0,0-.883-.8h-11.1l3.787-3.449a.754.754,0,0,0,0-1.136.945.945,0,0,0-1.248,0l-5.293,4.821a.753.753,0,0,0,0,1.137l5.293,4.821a.927.927,0,0,0,.625.236A.927.927,0,0,0-2457.2-3425.987Z\" transform=\"translate(2464.001 3437.001)\" fill=\"currentColor\"\/><\/svg><\/button><button class=\"splide__arrow splide__arrow--next\"><svg xmlns=\"http:\/\/www.w3.org\/2000\/svg\" width=\"15\" height=\"11.25\" viewBox=\"0 0 15 11.25\"><path d=\"M-2455.8-3425.987a.754.754,0,0,1,0-1.136l3.788-3.449h-11.1a.847.847,0,0,1-.883-.8.847.847,0,0,1,.883-.8h11.1l-3.787-3.448a.754.754,0,0,1,0-1.136.945.945,0,0,1,1.248,0l5.293,4.821a.753.753,0,0,1,0,1.137l-5.293,4.821a.927.927,0,0,1-.625.236A.927.927,0,0,1-2455.8-3425.987Z\" transform=\"translate(2464.001 3437.001)\" fill=\"currentColor\"\/><\/svg><\/button><\/div><\/div><\/div><\/div><\/div><\/div>\n\n\n<p class=\"wp-el\">Tallinna Lauluv\u00e4ljaku\u00a0juhi\u00a0Urmo Saareoja s\u00f5nul\u00a0on Lauluv\u00e4ljak ikka olnud paigaks, kust saavad alguse erilised emotsioonid. \u201eKultuur on selleks sillaks, mis \u00fchendab meie rahva mineviku ja oleviku ning s\u00fcstib lootust edukasse tulevikku. T\u00e4nuv\u00e4\u00e4rne projekt toob rambivalgusesse tulevased talendid ja \u00fchtlasi rajatakse Lauluv\u00e4ljaku alale istepinke p\u00fchendusega suurkujudele. Tegemist on tervikuga, millel saab loodetavasti olema v\u00e4ga suur ja positiivne m\u00f5ju\u201c, \u00fctles Saaroja<\/p>\n\n\n\n<p class=\"wp-el\">Esimesed kandidaadid nii nimeliste pinkide, kui noorte talentide osas on olemas ja projekti algatajad planeerivad need avalikustada oktoobrikuu jooksul. Esimesed pingid avatakse 2022 aasta kevadel.<br>&nbsp;<br>Kultuuripartnerluse SA juhataja Meelis Kubitsa s\u00f5nade kohaselt luuakse koost\u00f6\u00f6s v\u00e4\u00e4rtuslik telg, kus Eesti suurkujude m\u00e4lestuse raames on v\u00f5imalik samaaegselt hoogu anda meie noortele talentidele ja \u00fchtlasi v\u00e4\u00e4rtustada kodumaist kultuuritoetajat. \u201eEsimese kahe sihtgrupiga on k\u00f5ik selge, suuri nimesid tuleb meenutada ja noori toetada. Aga v\u00e4ga oluline on ka kultuuri toetamise juurde tuua rohkem annetajaid, eraisikuid, perekondi ja spetsiaalseid fonde. Nii on lootus, et toetajate ja noorte vahel tekib s\u00e4de, mis aitab meie talentidel oma unistusi teoks teha\u201c, s\u00f5nas Kubits<br>&nbsp;<br>Kultuuripartnerluse Sihtasutus loodi m\u00f6\u00f6dunud aasta kevadel ja selle eesm\u00e4rgiks on v\u00f5imaluste otsimine ja keskkonna kujundamine erakapitali t\u00e4iendavaks kaasamiseks kultuuri rahastamisel avalikes huvides. 2020. aastal kaasas sihtasutus ligi 90 tuhat eurot, millest suurem osa maksti kriisi ajal v\u00e4lja toetuste ja honoraridena. &nbsp;<\/p>\n\n\n\n<p class=\"wp-el\">&nbsp;<br>Lisainformatsioon:<br>&nbsp;<br>Urmo Saareoja &nbsp;&nbsp;&nbsp;&nbsp;&nbsp;&nbsp;&nbsp;&nbsp;&nbsp;&nbsp;&nbsp;&nbsp;&nbsp;&nbsp;&nbsp;&nbsp;&nbsp;&nbsp;&nbsp;&nbsp;&nbsp;&nbsp;&nbsp;&nbsp;&nbsp;&nbsp;&nbsp;&nbsp;&nbsp;&nbsp;&nbsp;&nbsp; Meelis Kubits<br>SA Tallinna Lauluv\u00e4ljak &nbsp;&nbsp;&nbsp;&nbsp;&nbsp;&nbsp;&nbsp;&nbsp;&nbsp;&nbsp;&nbsp;&nbsp;&nbsp;&nbsp;&nbsp;&nbsp;&nbsp;&nbsp; Kultuuripartnerluse SA<br><a href=\"mailto:urmo@lauluvaljak.ee\">urmo@lauluvaljak.ee<\/a>&nbsp;&nbsp;&nbsp;&nbsp;&nbsp;&nbsp;&nbsp;&nbsp;&nbsp;&nbsp;&nbsp; &nbsp;&nbsp;&nbsp;&nbsp;&nbsp;&nbsp;&nbsp;&nbsp;&nbsp;&nbsp;&nbsp;&nbsp;<a href=\"mailto:meelis@kultuuripartnerlus.ee\">meelis@kultuuripartnerlus.ee<\/a><\/p>\n","protected":false},"excerpt":{"rendered":"<p>Tallinna Lauluv\u00e4ljaku\u00a0juhi\u00a0Urmo Saareoja s\u00f5nul\u00a0on Lauluv\u00e4ljak ikka olnud paigaks, kust saavad alguse erilised emotsioonid. \u201eKultuur on selleks sillaks, mis \u00fchendab meie&#8230;<\/p>\n","protected":false},"author":1,"featured_media":608,"comment_status":"closed","ping_status":"closed","sticky":false,"template":"","format":"standard","meta":{"_acf_changed":false,"inline_featured_image":false,"footnotes":""},"categories":[2],"class_list":["post-4253","post","type-post","status-publish","format-standard","has-post-thumbnail","hentry","category-news"],"acf":[],"_links":{"self":[{"href":"https:\/\/www.lauluvaljak.ee\/en\/wp-json\/wp\/v2\/posts\/4253","targetHints":{"allow":["GET"]}}],"collection":[{"href":"https:\/\/www.lauluvaljak.ee\/en\/wp-json\/wp\/v2\/posts"}],"about":[{"href":"https:\/\/www.lauluvaljak.ee\/en\/wp-json\/wp\/v2\/types\/post"}],"author":[{"embeddable":true,"href":"https:\/\/www.lauluvaljak.ee\/en\/wp-json\/wp\/v2\/users\/1"}],"replies":[{"embeddable":true,"href":"https:\/\/www.lauluvaljak.ee\/en\/wp-json\/wp\/v2\/comments?post=4253"}],"version-history":[{"count":0,"href":"https:\/\/www.lauluvaljak.ee\/en\/wp-json\/wp\/v2\/posts\/4253\/revisions"}],"wp:featuredmedia":[{"embeddable":true,"href":"https:\/\/www.lauluvaljak.ee\/en\/wp-json\/wp\/v2\/media\/608"}],"wp:attachment":[{"href":"https:\/\/www.lauluvaljak.ee\/en\/wp-json\/wp\/v2\/media?parent=4253"}],"wp:term":[{"taxonomy":"category","embeddable":true,"href":"https:\/\/www.lauluvaljak.ee\/en\/wp-json\/wp\/v2\/categories?post=4253"}],"curies":[{"name":"wp","href":"https:\/\/api.w.org\/{rel}","templated":true}]}}