{"id":4249,"date":"2025-05-01T21:57:27","date_gmt":"2025-05-01T18:57:27","guid":{"rendered":"https:\/\/www.lauluvaljak.ee\/uncategorized\/tallinna-lauluvaljakule-kerkib-suur-hiiglaste-volumaa-teemapark\/"},"modified":"2025-05-01T21:57:27","modified_gmt":"2025-05-01T18:57:27","slug":"tallinna-lauluvaljakule-kerkib-suur-hiiglaste-volumaa-teemapark","status":"publish","type":"post","link":"https:\/\/www.lauluvaljak.ee\/en\/news\/tallinna-lauluvaljakule-kerkib-suur-hiiglaste-volumaa-teemapark\/","title":{"rendered":"Tallinna Lauluv\u00e4ljakule kerkib suur Hiiglaste V\u00f5lumaa teemapark"},"content":{"rendered":"\n<p class=\"wp-el\"><strong>17. detsembril avatakse Tallinna Lauluv\u00e4ljakul \u00fcleelusuuruste kujudega teemapark, mille peategelased on head ja kurjad hiiglased kaugest muinasjuturiigist.<\/strong><\/p>\n\n\n\n<p class=\"wp-el\">Kokku p\u00fcstitatakse lauluv\u00e4ljakule 30 erinevat hiiglaste ala. Iga ala peakarakter m\u00e4ngib oma osa muinasloos, liigub ning suhtleb eesti keeles k\u00fclastajatega.&nbsp;<\/p>\n\n\n\n<p class=\"wp-el\">Originaalne teemapark on portatiivne ning loodud n\u00e4itusteks \u00fcle Euroopa. Kujud ja vajaminev tehnika tuuakse Eestisse rekkatega ning pannakse siin taas kokku.&nbsp; &nbsp;<\/p>\n\n\n\n<p class=\"wp-el\">Hiiglaste kujud on tehtud metallkarkassile, mille sees on liikumismehhanismid ja kaetud kattematerjalidega. Muinasjututegelased on kuni kuus meetrit k\u00f5rged.&nbsp;<\/p>\n\n\n\n<p class=\"wp-el\">Hiiglaste V\u00f5lumaa juurde p\u00fcstitatakse samas ajaks Tivoli l\u00f5bustuspark, erinevate toitude ja maitsete t\u00e4nav. Lapsed saavad s\u00f5ita hobukaarikul ning iga p\u00e4ev on kavas erinevate meelelahutajate esinemised.<\/p>\n\n\n\n<p class=\"wp-el\">Hiiglaste V\u00f5lumaa on avatud 17. detsembrist 2021 30. jaanuarini 2022 iga n\u00e4dala reedest p\u00fchap\u00e4evani kella 17-21ni reedeti ja kella 14-21ni laup\u00e4eval ja p\u00fchap\u00e4eval.&nbsp;<br>&nbsp;<br>Vaata rohkem infot:&nbsp;<a href=\"https:\/\/lauluvaljak.ee\/et\/events\" target=\"_blank\" rel=\"noopener\">https:\/\/lauluvaljak.ee\/et\/events<\/a><\/p>\n","protected":false},"excerpt":{"rendered":"<p>17. detsembril avatakse Tallinna Lauluv\u00e4ljakul \u00fcleelusuuruste kujudega teemapark, mille peategelased on head ja kurjad hiiglased kaugest muinasjuturiigist. Kokku p\u00fcstitatakse lauluv\u00e4ljakule&#8230;<\/p>\n","protected":false},"author":1,"featured_media":618,"comment_status":"closed","ping_status":"closed","sticky":false,"template":"","format":"standard","meta":{"_acf_changed":false,"inline_featured_image":false,"footnotes":""},"categories":[2],"class_list":["post-4249","post","type-post","status-publish","format-standard","has-post-thumbnail","hentry","category-news"],"acf":[],"_links":{"self":[{"href":"https:\/\/www.lauluvaljak.ee\/en\/wp-json\/wp\/v2\/posts\/4249","targetHints":{"allow":["GET"]}}],"collection":[{"href":"https:\/\/www.lauluvaljak.ee\/en\/wp-json\/wp\/v2\/posts"}],"about":[{"href":"https:\/\/www.lauluvaljak.ee\/en\/wp-json\/wp\/v2\/types\/post"}],"author":[{"embeddable":true,"href":"https:\/\/www.lauluvaljak.ee\/en\/wp-json\/wp\/v2\/users\/1"}],"replies":[{"embeddable":true,"href":"https:\/\/www.lauluvaljak.ee\/en\/wp-json\/wp\/v2\/comments?post=4249"}],"version-history":[{"count":0,"href":"https:\/\/www.lauluvaljak.ee\/en\/wp-json\/wp\/v2\/posts\/4249\/revisions"}],"wp:featuredmedia":[{"embeddable":true,"href":"https:\/\/www.lauluvaljak.ee\/en\/wp-json\/wp\/v2\/media\/618"}],"wp:attachment":[{"href":"https:\/\/www.lauluvaljak.ee\/en\/wp-json\/wp\/v2\/media?parent=4249"}],"wp:term":[{"taxonomy":"category","embeddable":true,"href":"https:\/\/www.lauluvaljak.ee\/en\/wp-json\/wp\/v2\/categories?post=4249"}],"curies":[{"name":"wp","href":"https:\/\/api.w.org\/{rel}","templated":true}]}}