{"id":4239,"date":"2025-05-01T21:58:10","date_gmt":"2025-05-01T18:58:10","guid":{"rendered":"https:\/\/www.lauluvaljak.ee\/uncategorized\/kooriuhingu-ja-lauluvaljaku-koostoolepe-sai-allkirjad\/"},"modified":"2025-05-01T21:58:10","modified_gmt":"2025-05-01T18:58:10","slug":"kooriuhingu-ja-lauluvaljaku-koostoolepe-sai-allkirjad","status":"publish","type":"post","link":"https:\/\/www.lauluvaljak.ee\/en\/news\/kooriuhingu-ja-lauluvaljaku-koostoolepe-sai-allkirjad\/","title":{"rendered":"Koori\u00fchingu ja Lauluv\u00e4ljaku koost\u00f6\u00f6lepe sai allkirjad"},"content":{"rendered":"<div class=\"ama-block block-txtmedia\"><div class=\"block__body\"><div class=\"body__content\">\n\n<p class=\"has-semi-large-font-size wp-el\"><strong>P\u00fchap\u00e4eval 22.5.22, allkirjastasid Eesti Koori\u00fchingu juhatuse esimees Hirvo Surva ja Tallinna Lauluv\u00e4ljaku juht Urmo Saareoja koost\u00f6\u00f6leppe, millega tihendatakse omavahelist igak\u00fclgset koost\u00f6\u00f6d ning tagatakse parimad v\u00f5imalikud kontsert- ja prooviv\u00f5imalused Koori\u00fchingu liikmetele.<\/strong><\/p>\n\n\n\n<p class=\"wp-el\">\u201eKoorilauljatele on Tallinna Lauluv\u00e4ljak igati kodune paik ning mul on hea meel, et omavaheline koost\u00f6\u00f6 on muutunud \u00fcha tihedamaks ja t\u00f5husamaks,\u201c \u00fctles&nbsp;<strong>Hirvo&nbsp;Surva<\/strong>, \u201eootame, et meie liikmed kasutaksid aktiivselt Lauluv\u00e4ljaku v\u00f5imalusi ning m\u00f5istagi pakume omalt poolt publikule kontsertelamusi ja ehedaid emotsioone.\u201c<br><br>\u201eJust seesugusest \u00fchisest m\u00f5istmisest ning \u00fchistest eesm\u00e4rkidest&nbsp;s\u00fcnnib&nbsp;tulevikus&nbsp;palju head,\u201c&nbsp;\u00fctles Lauluv\u00e4ljaku juht&nbsp;<strong>Urmo Saareoja<\/strong>, \u201ekoost\u00f6\u00f6lepe m\u00e4rgib&nbsp;ka&nbsp;j\u00e4rjekordset sammu Tallinna Lauluv\u00e4ljaku arengus, et t\u00e4ita meie ruumid ja ala pideva tegevusega. Kutsun \u00fcles k\u00fclastama Koori\u00fchingu kontserte, mis hakkavad siin regulaarselt publikut r\u00f5\u00f5mustama.\u201c<br><em>&nbsp;&nbsp;<br>Fotode autor Randar Ploompuu.<br><a href=\"https:\/\/photos.google.com\/share\/AF1QipMfGlvCXd-30U1NPDcuqbbUUrWf-4NTUhfza-obXE7xQLROdFdSH3hpZ9GpX3YhCg?key=NXFmdThuTy1aY2kwVmF1c0tVYlZlODBnZjRGaHFB\" target=\"_blank\" rel=\"noopener\">https:\/\/photos.google.com\/share\/AF1QipMfGlvCXd-30U1NPDcuqbbUUrWf-4NTUhfza-obXE7xQLROdFdSH3hpZ9GpX3YhCg?key=NXFmdThuTy1aY2kwVmF1c0tVYlZlODBnZjRGaHFB<\/a><\/em><\/p>\n\n\n\n<p class=\"wp-el\">Koost\u00f6\u00f6leppe allkirjastamise j\u00e4rgselt toimus P\u00f5hja-Eesti \u00fchendkoori proov 2022. aasta laulup\u00e4eva \u201eKodu(l)ootus\u201c ette valmistamiseks.<\/p>\n\n<\/div><div class=\"body__media\"><div class=\"splide\" data-splide={\"type\":\"fade\",\"pagination\":false}><div class=\"splide__track\"><ul class=\"splide__list\"><li class=\"splide__slide\"><a href=\"https:\/\/www.lauluvaljak.ee\/wp-content\/uploads\/2025\/05\/koostoolepe_kooriuhing_lauluvaljak_22.5.22_saareoja_surva.jpg\" data-fancybox=\"txtmedia-block_1f1e359fc5c1b939fc35764adf344998\"><img decoding=\"async\" width=\"620\" height=\"380\" src=\"https:\/\/www.lauluvaljak.ee\/wp-content\/uploads\/bis-images\/642\/koostoolepe_kooriuhing_lauluvaljak_22.5.22_saareoja_surva-620x380-f50_50.jpg\" class=\"attachment-620x380\" alt=\"koostoolepe_kooriuhing_lauluvaljak_22.5.22_saareoja_surva\" loading=\"lazy\" \/><\/a><\/li><\/ul><\/div><div class=\"splide__arrows hide-arrows\"><div class=\"splide__arrows\"><button class=\"splide__arrow splide__arrow--prev\"><svg xmlns=\"http:\/\/www.w3.org\/2000\/svg\" width=\"15\" height=\"11.25\" viewBox=\"0 0 15 11.25\"><path d=\"M-2457.2-3425.987a.754.754,0,0,0,0-1.136l-3.788-3.449h11.1a.847.847,0,0,0,.883-.8.847.847,0,0,0-.883-.8h-11.1l3.787-3.449a.754.754,0,0,0,0-1.136.945.945,0,0,0-1.248,0l-5.293,4.821a.753.753,0,0,0,0,1.137l5.293,4.821a.927.927,0,0,0,.625.236A.927.927,0,0,0-2457.2-3425.987Z\" transform=\"translate(2464.001 3437.001)\" fill=\"currentColor\"\/><\/svg><\/button><button class=\"splide__arrow splide__arrow--next\"><svg xmlns=\"http:\/\/www.w3.org\/2000\/svg\" width=\"15\" height=\"11.25\" viewBox=\"0 0 15 11.25\"><path d=\"M-2455.8-3425.987a.754.754,0,0,1,0-1.136l3.788-3.449h-11.1a.847.847,0,0,1-.883-.8.847.847,0,0,1,.883-.8h11.1l-3.787-3.448a.754.754,0,0,1,0-1.136.945.945,0,0,1,1.248,0l5.293,4.821a.753.753,0,0,1,0,1.137l-5.293,4.821a.927.927,0,0,1-.625.236A.927.927,0,0,1-2455.8-3425.987Z\" transform=\"translate(2464.001 3437.001)\" fill=\"currentColor\"\/><\/svg><\/button><\/div><\/div><\/div><\/div><\/div><\/div>","protected":false},"excerpt":{"rendered":"","protected":false},"author":1,"featured_media":644,"comment_status":"closed","ping_status":"closed","sticky":false,"template":"","format":"standard","meta":{"_acf_changed":false,"inline_featured_image":false,"footnotes":""},"categories":[2],"class_list":["post-4239","post","type-post","status-publish","format-standard","has-post-thumbnail","hentry","category-news"],"acf":[],"_links":{"self":[{"href":"https:\/\/www.lauluvaljak.ee\/en\/wp-json\/wp\/v2\/posts\/4239","targetHints":{"allow":["GET"]}}],"collection":[{"href":"https:\/\/www.lauluvaljak.ee\/en\/wp-json\/wp\/v2\/posts"}],"about":[{"href":"https:\/\/www.lauluvaljak.ee\/en\/wp-json\/wp\/v2\/types\/post"}],"author":[{"embeddable":true,"href":"https:\/\/www.lauluvaljak.ee\/en\/wp-json\/wp\/v2\/users\/1"}],"replies":[{"embeddable":true,"href":"https:\/\/www.lauluvaljak.ee\/en\/wp-json\/wp\/v2\/comments?post=4239"}],"version-history":[{"count":0,"href":"https:\/\/www.lauluvaljak.ee\/en\/wp-json\/wp\/v2\/posts\/4239\/revisions"}],"wp:featuredmedia":[{"embeddable":true,"href":"https:\/\/www.lauluvaljak.ee\/en\/wp-json\/wp\/v2\/media\/644"}],"wp:attachment":[{"href":"https:\/\/www.lauluvaljak.ee\/en\/wp-json\/wp\/v2\/media?parent=4239"}],"wp:term":[{"taxonomy":"category","embeddable":true,"href":"https:\/\/www.lauluvaljak.ee\/en\/wp-json\/wp\/v2\/categories?post=4239"}],"curies":[{"name":"wp","href":"https:\/\/api.w.org\/{rel}","templated":true}]}}