{"id":4238,"date":"2025-05-01T21:58:14","date_gmt":"2025-05-01T18:58:14","guid":{"rendered":"https:\/\/www.lauluvaljak.ee\/uncategorized\/lauluvaljakul-loppesid-naabrist-parem-juubelihooaja-votted-voidupaar-palvis-lisatunnustuse\/"},"modified":"2025-05-01T21:58:14","modified_gmt":"2025-05-01T18:58:14","slug":"lauluvaljakul-loppesid-naabrist-parem-juubelihooaja-votted-voidupaar-palvis-lisatunnustuse","status":"publish","type":"post","link":"https:\/\/www.lauluvaljak.ee\/en\/news\/lauluvaljakul-loppesid-naabrist-parem-juubelihooaja-votted-voidupaar-palvis-lisatunnustuse\/","title":{"rendered":"Lauluv\u00e4ljakul l\u00f5ppesid \u201cNaabrist parem\u201d juubelihooaja v\u00f5tted. V\u00f5idupaar p\u00e4lvis lisatunnustuse!"},"content":{"rendered":"<div class=\"ama-block block-txtmedia\"><div class=\"block__body\"><div class=\"body__content\">\n\n<p class=\"has-semi-large-font-size wp-el\"><strong>25. mail toimus Lauluv\u00e4ljakul \u201eNaabrist parem\u201c juubelihooaja finaali otsesaade. TV3 ja Inbanki koost\u00f6\u00f6s valminud v\u00e4rvika ehitussarja \u201eNaabrist parem\u201c 10. hooaja v\u00f5itjaks valisid televaatajad Kirke ja Ander Talu. V\u00e4ike-Maarjast p\u00e4rit noored said merekonteineritest oma k\u00e4tega ehitatud maja p\u00e4riselt endale. Rahvah\u00e4\u00e4letusega tulnud v\u00f5it oli \u00fclekaalukas ja kindel ning lisaks olid nad ka meelelahutusportaali tv3.ee lemmikud.<\/strong><\/p>\n\n\n\n<p class=\"wp-el\">Lisaks otsesaate vaatajah\u00e4\u00e4letusel suure edumaaga tulnud peav\u00f5idule p\u00e4lvisid Kirke ja Ander uue meelelahutusportaali tv3.ee lugejate lemmiku eriauhinna, mille andis finaalsaates \u00fcle TV3 tegevjuht Signe Suur. \u201eK\u00f5igutamatud maakad\u201c t\u00e4navad k\u00f5iki f\u00e4nne, kes neid toetasid ning on \u00fcli\u00f5nnelikud. \u201eKirke pidi otsesaate l\u00f5pus suurest pingest ja \u00f5nnest peaaegu minestama,\u201d tunnistas Ander vahetult p\u00e4rast v\u00f5idu-uudist. \u201eNaabrist parem\u201c saates valmis neil \u00f6\u00f6bimisv\u00f5imalusega suvek\u00f6\u00f6k, kus oma tulevase maja renoveerimise ajal elada ja hiljem s\u00f5pru v\u00f5\u00f5rustada.\u00a0<\/p>\n\n<\/div><div class=\"body__media\"><div class=\"splide\" data-splide={\"type\":\"fade\",\"pagination\":false}><div class=\"splide__track\"><ul class=\"splide__list\"><li class=\"splide__slide\"><a href=\"https:\/\/www.lauluvaljak.ee\/wp-content\/uploads\/2025\/05\/np_hooaja_saatejuhid_alari_kivisaar_ja_maribel_vaana_2-957x1280.png\" data-fancybox=\"txtmedia-block_651eace13d228a0a2bae4c823878ad5a\"><img decoding=\"async\" width=\"620\" height=\"380\" src=\"https:\/\/www.lauluvaljak.ee\/wp-content\/uploads\/bis-images\/646\/np_hooaja_saatejuhid_alari_kivisaar_ja_maribel_vaana_2-620x380-f50_50.png\" class=\"attachment-620x380\" alt=\"np_hooaja_saatejuhid_alari_kivisaar_ja_maribel_vaana_2\" loading=\"lazy\" \/><\/a><\/li><\/ul><\/div><div class=\"splide__arrows hide-arrows\"><div class=\"splide__arrows\"><button class=\"splide__arrow splide__arrow--prev\"><svg xmlns=\"http:\/\/www.w3.org\/2000\/svg\" width=\"15\" height=\"11.25\" viewBox=\"0 0 15 11.25\"><path d=\"M-2457.2-3425.987a.754.754,0,0,0,0-1.136l-3.788-3.449h11.1a.847.847,0,0,0,.883-.8.847.847,0,0,0-.883-.8h-11.1l3.787-3.449a.754.754,0,0,0,0-1.136.945.945,0,0,0-1.248,0l-5.293,4.821a.753.753,0,0,0,0,1.137l5.293,4.821a.927.927,0,0,0,.625.236A.927.927,0,0,0-2457.2-3425.987Z\" transform=\"translate(2464.001 3437.001)\" fill=\"currentColor\"\/><\/svg><\/button><button class=\"splide__arrow splide__arrow--next\"><svg xmlns=\"http:\/\/www.w3.org\/2000\/svg\" width=\"15\" height=\"11.25\" viewBox=\"0 0 15 11.25\"><path d=\"M-2455.8-3425.987a.754.754,0,0,1,0-1.136l3.788-3.449h-11.1a.847.847,0,0,1-.883-.8.847.847,0,0,1,.883-.8h11.1l-3.787-3.448a.754.754,0,0,1,0-1.136.945.945,0,0,1,1.248,0l5.293,4.821a.753.753,0,0,1,0,1.137l-5.293,4.821a.927.927,0,0,1-.625.236A.927.927,0,0,1-2455.8-3425.987Z\" transform=\"translate(2464.001 3437.001)\" fill=\"currentColor\"\/><\/svg><\/button><\/div><\/div><\/div><\/div><\/div><\/div>\n\n\n<p class=\"wp-el\">TV3 tegevjuht Signe Suur t\u00e4nab k\u00f5iki naabreid, saatetiimi ja vaatajaid eduka juubelihooaja eest. \u201eK\u00fcmnes hooaeg t\u00f5i rahva ette julged noored inimesed, kes v\u00f5tsid ette meeldej\u00e4\u00e4va ja rohkete v\u00e4ljakutsetega teekonna. Hooaja v\u00e4ltel toetas naabreid teleekraanide taga \u00fcle neljasaja tuhande vaataja. Selle p\u00f5neva ja emotsionaalse ehituskevade tulemusel valmis neli v\u00e4ga unikaalset, hubast ja nutikalt ehitatud unistuste kodu,\u201d m\u00e4rkis Suur.<br>\u00a0<br>\u201cMul on hea meel, et \u201cNaabrist parema\u201d juubelihooaja v\u00f5ttepaigaks sai just Tallinna Lauluv\u00e4ljak ning tuletada meelde kuiv\u00f5rd mitmek\u00fclgse paigaga on tegemist. Suudame v\u00f5\u00f5rustada mitmeid tele- ja filmiproduktsioone \u00fcheaegselt ning sealjuures saavad t\u00f5rgeteta toimuda ka avalikud \u00fcritused,\u201d \u00fctles Lauluv\u00e4ljaku juht Urmo Saareoja,\u00a0\u201cloodan, et saate osalejad ja p\u00fcsivaatajad said ka Lauluv\u00e4ljaku kohta uusi teadmisi ning leiavad ikka ja j\u00e4lle siia tee.\u201d\u00a0\u00a0<br>\u201eNaabrist parema\u201c finaal j\u00f5udis TV3 otse-eetrisse Alari Kivisaare ja Maribel V\u00e4\u00e4na juhtimisel. Saates toimus kaks h\u00e4\u00e4letust, millest esimeses langesid v\u00e4lja Sigrid ja Katariina ning Kertu ja Madis. L\u00f5puheitlusse j\u00f5udsid Reio ja Johanna ning Kirke ja Ander.<br>Enne vaatajah\u00e4\u00e4letuse tulemuse v\u00e4lja kuulutamist anti superfinaali paaridele v\u00f5imalus ka konkurenti kiita. \u201eReio ja Johanna v\u00e4iksel p\u00f5nnil on nende majas nii m\u00f5nus vannis k\u00e4ia,\u201d nentisid Kirke ja Ander. \u201eKirke ja Ander on \u00e4gedad, sest nad on nii unikaalse ideega lagedale tulnud,\u201d tunnustasid konkurente Johanna ja Reio.<br>\u00a0<br>\u201eNaabrist parem\u201c v\u00f5tteplats paiknes t\u00e4navusel k\u00fcmnendal hooajal Tallinna Lauluv\u00e4ljakul ning ehitust alustati seal talvisel ajal, mil laulukaare taha lumisele platsile p\u00fcstitatud hiiglasliku telgi alla veeti kaheksa merekonteinerit ja pandi p\u00fcsti nn Naabrist parema-telek\u00fcla. Kui esialgu valiti soovijate seast v\u00e4lja viis osalejapaari, siis karmi v\u00f5istluse tulemusel j\u00e4i saatesse alles neli: elamuste pakkujad \u201eKasekesed\u201c Kertu-Liis ja Madis, perekond p\u00fcsimatud Johanna ja Reio, seiklushimulised s\u00f5ltumatud itinaised Sigrid ja Katariina ning k\u00f5igutamatud maakad Kirke ja Ander. Ka sel hooajal toimus \u201eNaabrist parema\u201c avatud uste p\u00e4ev, mis t\u00f5i 7. mail nelja erilist ehitist uudistama sadu f\u00e4nne.<br>\u00a0<br>\u00a0<br><strong>FOTOGALERII FINAALIST:<\/strong><br><a href=\"https:\/\/drive.google.com\/drive\/u\/1\/folders\/1NtPgZn8f_qzgkPVynugk7vNYBB1ewUHU\" target=\"_blank\" rel=\"noopener\">https:\/\/drive.google.com\/drive\/u\/1\/folders\/1NtPgZn8f_qzgkPVynugk7vNYBB1ewUHU<\/a><\/p>\n","protected":false},"excerpt":{"rendered":"<p>TV3 tegevjuht Signe Suur t\u00e4nab k\u00f5iki naabreid, saatetiimi ja vaatajaid eduka juubelihooaja eest. \u201eK\u00fcmnes hooaeg t\u00f5i rahva ette julged noored&#8230;<\/p>\n","protected":false},"author":1,"featured_media":648,"comment_status":"closed","ping_status":"closed","sticky":false,"template":"","format":"standard","meta":{"_acf_changed":false,"inline_featured_image":false,"footnotes":""},"categories":[2],"class_list":["post-4238","post","type-post","status-publish","format-standard","has-post-thumbnail","hentry","category-news"],"acf":[],"_links":{"self":[{"href":"https:\/\/www.lauluvaljak.ee\/en\/wp-json\/wp\/v2\/posts\/4238","targetHints":{"allow":["GET"]}}],"collection":[{"href":"https:\/\/www.lauluvaljak.ee\/en\/wp-json\/wp\/v2\/posts"}],"about":[{"href":"https:\/\/www.lauluvaljak.ee\/en\/wp-json\/wp\/v2\/types\/post"}],"author":[{"embeddable":true,"href":"https:\/\/www.lauluvaljak.ee\/en\/wp-json\/wp\/v2\/users\/1"}],"replies":[{"embeddable":true,"href":"https:\/\/www.lauluvaljak.ee\/en\/wp-json\/wp\/v2\/comments?post=4238"}],"version-history":[{"count":0,"href":"https:\/\/www.lauluvaljak.ee\/en\/wp-json\/wp\/v2\/posts\/4238\/revisions"}],"wp:featuredmedia":[{"embeddable":true,"href":"https:\/\/www.lauluvaljak.ee\/en\/wp-json\/wp\/v2\/media\/648"}],"wp:attachment":[{"href":"https:\/\/www.lauluvaljak.ee\/en\/wp-json\/wp\/v2\/media?parent=4238"}],"wp:term":[{"taxonomy":"category","embeddable":true,"href":"https:\/\/www.lauluvaljak.ee\/en\/wp-json\/wp\/v2\/categories?post=4238"}],"curies":[{"name":"wp","href":"https:\/\/api.w.org\/{rel}","templated":true}]}}