{"id":4236,"date":"2025-05-01T21:58:23","date_gmt":"2025-05-01T18:58:23","guid":{"rendered":"https:\/\/www.lauluvaljak.ee\/uncategorized\/lauluvaljaku-mae-alal-saab-kulastaja-ajaloo-kiirkursuse\/"},"modified":"2025-05-01T21:58:23","modified_gmt":"2025-05-01T18:58:23","slug":"lauluvaljaku-mae-alal-saab-kulastaja-ajaloo-kiirkursuse","status":"publish","type":"post","link":"https:\/\/www.lauluvaljak.ee\/en\/news\/lauluvaljaku-mae-alal-saab-kulastaja-ajaloo-kiirkursuse\/","title":{"rendered":"Lauluv\u00e4ljaku M\u00e4e alal saab k\u00fclastaja ajaloo kiirkursuse"},"content":{"rendered":"<div class=\"ama-block block-txtmedia\"><div class=\"block__body\"><div class=\"body__content\">\n\n<p class=\"has-semi-large-font-size wp-el\"><strong>Tallinna Lauluv\u00e4ljaku M\u00e4e alal on t\u00e4nasest avatud installatsioon \u201eIlmaratas\u201c, mis tutvustab huvilistele eesti ja inglise keeles laulupidude ning Lauluv\u00e4ljaku ajalugu. Tegemist on j\u00e4rjekordse valminud osaga Lauluv\u00e4ljaku uuendamisest ja K\u00fclastuskeskuse rajamisest.<\/strong><\/p>\n\n\n\n<p class=\"wp-el\">\u201eLauluv\u00e4ljaku turismiv\u00e4ravaks olev M\u00e4e ala on viimastel aastatel saanud oluliselt esinduslikumaks ning varasemalt pelgalt vaate nautimise v\u00f5imalust pakkunud kohale on lisandunud uued funktsioonid,\u201c \u00fctles Lauluv\u00e4ljaku juht Urmo Saareoja, \u201epean v\u00e4ga t\u00e4htsaks, et meie v\u00e4ravast sisse astuv k\u00fclaline saaks asjakohase \u00fclevaate Eesti ajaloost ning laulupidude traditsioonist, samuti Lauluv\u00e4ljaku suurkontsertidest.\u201c<\/p>\n\n<\/div><div class=\"body__media\"><div class=\"splide\" data-splide={\"type\":\"fade\",\"pagination\":false}><div class=\"splide__track\"><ul class=\"splide__list\"><li class=\"splide__slide\"><a href=\"https:\/\/www.lauluvaljak.ee\/wp-content\/uploads\/2025\/05\/ilmakaar_installatsiooni_foto_1.7.22_1-1280x803.jpg\" data-fancybox=\"txtmedia-block_0f3bf615c1f463b4b5aa764047dfda31\"><img decoding=\"async\" width=\"620\" height=\"380\" src=\"https:\/\/www.lauluvaljak.ee\/wp-content\/uploads\/bis-images\/656\/ilmakaar_installatsiooni_foto_1.7.22_1-620x380-f50_50.jpg\" class=\"attachment-620x380\" alt=\"ilmakaar_installatsiooni_foto_1.7.22_1\" loading=\"lazy\" \/><\/a><\/li><\/ul><\/div><div class=\"splide__arrows hide-arrows\"><div class=\"splide__arrows\"><button class=\"splide__arrow splide__arrow--prev\"><svg xmlns=\"http:\/\/www.w3.org\/2000\/svg\" width=\"15\" height=\"11.25\" viewBox=\"0 0 15 11.25\"><path d=\"M-2457.2-3425.987a.754.754,0,0,0,0-1.136l-3.788-3.449h11.1a.847.847,0,0,0,.883-.8.847.847,0,0,0-.883-.8h-11.1l3.787-3.449a.754.754,0,0,0,0-1.136.945.945,0,0,0-1.248,0l-5.293,4.821a.753.753,0,0,0,0,1.137l5.293,4.821a.927.927,0,0,0,.625.236A.927.927,0,0,0-2457.2-3425.987Z\" transform=\"translate(2464.001 3437.001)\" fill=\"currentColor\"\/><\/svg><\/button><button class=\"splide__arrow splide__arrow--next\"><svg xmlns=\"http:\/\/www.w3.org\/2000\/svg\" width=\"15\" height=\"11.25\" viewBox=\"0 0 15 11.25\"><path d=\"M-2455.8-3425.987a.754.754,0,0,1,0-1.136l3.788-3.449h-11.1a.847.847,0,0,1-.883-.8.847.847,0,0,1,.883-.8h11.1l-3.787-3.448a.754.754,0,0,1,0-1.136.945.945,0,0,1,1.248,0l5.293,4.821a.753.753,0,0,1,0,1.137l-5.293,4.821a.927.927,0,0,1-.625.236A.927.927,0,0,1-2455.8-3425.987Z\" transform=\"translate(2464.001 3437.001)\" fill=\"currentColor\"\/><\/svg><\/button><\/div><\/div><\/div><\/div><\/div><\/div>\n\n\n<p class=\"wp-el\">\u201eOlen v\u00e4ga t\u00e4nulik meie partneritele agentuurist Motor, kes on loonud lahenduse, mis sobitub tagasihoidlikult \u00fcmbrusesse, kuid t\u00e4idab informatiivset eesm\u00e4rki ning on visuaalselt kena,\u201c lisas Saareoja, \u201eturistide arv on taas t\u00f5usuteel ning loodame juba \u00f5ige pea n\u00e4ha uue installatsiooni \u00fcmber uudistamas rohkelt inimesi, kes leiavad tee ka meie K\u00fclastuskeskusesse.\u201c<\/p>\n\n\n\n<p class=\"wp-el\">\u201eHea meel on taas Tallinna Lauluv\u00e4ljaku arengusse panustada,\u201c \u00fctles Motor agentuuri tegevjuht Ott Sarapuu, \u201e\u00fcle k\u00f5ige troonib M\u00e4e alal vaade Tallinna lahele ning laulukaare kompleksile, mist\u00f5ttu p\u00fc\u00fcdsime selle installatsiooni v\u00e4lja t\u00f6\u00f6tada pigem minimalistlikul viisil, et see ei tunduks kuidagi liigne, kuid oleks samas huvilistelele oluliseks abivahendiks.\u201c<\/p>\n\n\n\n<p class=\"wp-el\">Saareoja s\u00f5nul hakkab M\u00e4e ala saama juba terviklikku ilmet. \u201eM\u00f6\u00f6dunud aastal valmis katuseterrassiga paviljon, mis t\u00e4idab nii infopunkti kui ka kohviku \u00fclesannet. S\u00fcgisel j\u00e4tkame laulupeo seina ehitusega, mis on juba kaua oma aega oodanud. \u00d5ige pea lisandub alale ka haljastust, mis muudab sealse olemise veelgi hubasemaks,\u201c lisas Lauluv\u00e4ljaku juht Urmo Saareoja.<\/p>\n\n\n\n<p class=\"wp-el\">Tallinna Lauluv\u00e4ljaku M\u00e4e alale p\u00e4\u00e4seb Narva maanteelt, installatsioon \u201eIlmaratas\u201c paikneb paviljoni \u201eAste\u201c vahetus l\u00e4heduses.<\/p>\n\n\n\n<p class=\"wp-el\">Fotograaf: Rene Jakobson (pildid on avalikuks kasutamiseks ja fotograafi nimi tuleb lisada)<br>&nbsp;&nbsp;<br>Lisainformatsioon:<br>Urmo Saareoja &nbsp;&nbsp;&nbsp;&nbsp;&nbsp;&nbsp;&nbsp;&nbsp;&nbsp;&nbsp;&nbsp;&nbsp;&nbsp;&nbsp;&nbsp;&nbsp;&nbsp;&nbsp;&nbsp;&nbsp;&nbsp;&nbsp;&nbsp;&nbsp;&nbsp;&nbsp;&nbsp;&nbsp;&nbsp;&nbsp;&nbsp;&nbsp;<br>SA Tallinna Lauluv\u00e4ljak &nbsp;&nbsp;&nbsp;&nbsp;&nbsp;&nbsp;&nbsp;&nbsp;&nbsp;&nbsp;&nbsp;&nbsp;&nbsp;&nbsp;&nbsp;&nbsp;&nbsp;&nbsp; &nbsp;&nbsp;&nbsp;&nbsp;&nbsp;&nbsp;&nbsp;&nbsp;&nbsp;&nbsp;&nbsp;<br><a href=\"mailto:urmo@lauluvaljak.ee\">urmo@lauluvaljak.ee<\/a>&nbsp;&nbsp;&nbsp;&nbsp;&nbsp;&nbsp;&nbsp;&nbsp;&nbsp;&nbsp;&nbsp; &nbsp;&nbsp;&nbsp;&nbsp;&nbsp;&nbsp;&nbsp;&nbsp;&nbsp;&nbsp;&nbsp;&nbsp;&nbsp;&nbsp;&nbsp;&nbsp;&nbsp;&nbsp;&nbsp;&nbsp;&nbsp;<\/p>\n","protected":false},"excerpt":{"rendered":"<p>\u201eOlen v\u00e4ga t\u00e4nulik meie partneritele agentuurist Motor, kes on loonud lahenduse, mis sobitub tagasihoidlikult \u00fcmbrusesse, kuid t\u00e4idab informatiivset eesm\u00e4rki ning&#8230;<\/p>\n","protected":false},"author":1,"featured_media":656,"comment_status":"closed","ping_status":"closed","sticky":false,"template":"","format":"standard","meta":{"_acf_changed":false,"inline_featured_image":false,"footnotes":""},"categories":[2],"class_list":["post-4236","post","type-post","status-publish","format-standard","has-post-thumbnail","hentry","category-news"],"acf":[],"_links":{"self":[{"href":"https:\/\/www.lauluvaljak.ee\/en\/wp-json\/wp\/v2\/posts\/4236","targetHints":{"allow":["GET"]}}],"collection":[{"href":"https:\/\/www.lauluvaljak.ee\/en\/wp-json\/wp\/v2\/posts"}],"about":[{"href":"https:\/\/www.lauluvaljak.ee\/en\/wp-json\/wp\/v2\/types\/post"}],"author":[{"embeddable":true,"href":"https:\/\/www.lauluvaljak.ee\/en\/wp-json\/wp\/v2\/users\/1"}],"replies":[{"embeddable":true,"href":"https:\/\/www.lauluvaljak.ee\/en\/wp-json\/wp\/v2\/comments?post=4236"}],"version-history":[{"count":0,"href":"https:\/\/www.lauluvaljak.ee\/en\/wp-json\/wp\/v2\/posts\/4236\/revisions"}],"wp:featuredmedia":[{"embeddable":true,"href":"https:\/\/www.lauluvaljak.ee\/en\/wp-json\/wp\/v2\/media\/656"}],"wp:attachment":[{"href":"https:\/\/www.lauluvaljak.ee\/en\/wp-json\/wp\/v2\/media?parent=4236"}],"wp:term":[{"taxonomy":"category","embeddable":true,"href":"https:\/\/www.lauluvaljak.ee\/en\/wp-json\/wp\/v2\/categories?post=4236"}],"curies":[{"name":"wp","href":"https:\/\/api.w.org\/{rel}","templated":true}]}}