{"id":4233,"date":"2025-05-01T21:58:36","date_gmt":"2025-05-01T18:58:36","guid":{"rendered":"https:\/\/www.lauluvaljak.ee\/uncategorized\/lauluvaljaku-aia-varvivad-malevanoored\/"},"modified":"2025-05-01T21:58:36","modified_gmt":"2025-05-01T18:58:36","slug":"lauluvaljaku-aia-varvivad-malevanoored","status":"publish","type":"post","link":"https:\/\/www.lauluvaljak.ee\/en\/news\/lauluvaljaku-aia-varvivad-malevanoored\/","title":{"rendered":"Lauluv\u00e4ljaku aia v\u00e4rvivad malevanoored"},"content":{"rendered":"<div class=\"ama-block block-txtmedia\"><div class=\"block__body\"><div class=\"body__content\">\n\n<p class=\"has-semi-large-font-size wp-el\"><strong>Tallinna Lauluv\u00e4ljakul teevad t\u00f6\u00f6d 14 malevlast, kelle usina tegutsemise tulemusel saab ala piirav metallaed uue v\u00e4rvkatte. T\u00f6\u00f6 kestavad sel suvel kuni viienda augustini<\/strong><\/p>\n\n\n\n<p class=\"wp-el\">\u201eMalevas t\u00f6\u00f6tamise kogemus on noortele v\u00e4ga eriline ning paljude jaoks esimene katsetus, kus tehtu eest ka tasu makstakse. Aitame omalt poolt hea meelega kaasa, et malevlastele jaguks j\u00f5ukohaseid t\u00f6id,\u201c \u00fctles\u00a0<strong>Lauluv\u00e4ljaku juht Urmo Saareoja<\/strong>. \u201eUsun, et nii m\u00f5nigi nendest noortest, kes annavad meie piirdeaiale uue ilme, meenutab veel aastaid hiljem, et see l\u00f5ik on just tema v\u00e4rvitud.\u201c<br>\u00a0\u00a0<br>\u201e\u00d5pilasmalevas on \u00fctlus, et malevar\u00fchm algab t\u00f6\u00f6andjast ehk sellest ettev\u00f5ttest, kes leiab v\u00f5imaluse pakkuda noorele inimesele tema vanusele ja v\u00f5imetele vastavat t\u00f6\u00f6d. Esimene t\u00f6\u00f6kogemus on noortele nende arengu ja kasvamise juures kahtlemata m\u00e4rkimisv\u00e4\u00e4rne p\u00f6\u00f6rdepunkt \u2013 \u00f5pitakse ise v\u00e4\u00e4rtust looma,\u201c \u00fctles\u00a0<strong>Ott V\u00e4li, \u00d5pilasmaleva juhataja<\/strong>. \u201eT\u00e4name ka k\u00f5iki meie malevar\u00fchmade t\u00f6\u00f6andjaid, kes aitavad noorte elus sel p\u00f6\u00f6rdepunktil v\u00f5imalikuks saada.\u201c<\/p>\n\n<\/div><div class=\"body__media\"><div class=\"splide\" data-splide={\"type\":\"fade\",\"pagination\":false}><div class=\"splide__track\"><ul class=\"splide__list\"><li class=\"splide__slide\"><a href=\"https:\/\/www.lauluvaljak.ee\/wp-content\/uploads\/2025\/05\/at27jul22plm003-1280x853.jpg\" data-fancybox=\"txtmedia-block_54ca87c96258ec865617f60a127ace86\"><img decoding=\"async\" width=\"620\" height=\"380\" src=\"https:\/\/www.lauluvaljak.ee\/wp-content\/uploads\/bis-images\/677\/at27jul22plm003-620x380-f50_50.jpg\" class=\"attachment-620x380\" alt=\"Malevanoored Lauluv\u00e4ljakul\" loading=\"lazy\" \/><div class=\"img-caption\">Malevanoored Lauluv\u00e4ljakul<\/div><\/a><\/li><\/ul><\/div><div class=\"splide__arrows hide-arrows\"><div class=\"splide__arrows\"><button class=\"splide__arrow splide__arrow--prev\"><svg xmlns=\"http:\/\/www.w3.org\/2000\/svg\" width=\"15\" height=\"11.25\" viewBox=\"0 0 15 11.25\"><path d=\"M-2457.2-3425.987a.754.754,0,0,0,0-1.136l-3.788-3.449h11.1a.847.847,0,0,0,.883-.8.847.847,0,0,0-.883-.8h-11.1l3.787-3.449a.754.754,0,0,0,0-1.136.945.945,0,0,0-1.248,0l-5.293,4.821a.753.753,0,0,0,0,1.137l5.293,4.821a.927.927,0,0,0,.625.236A.927.927,0,0,0-2457.2-3425.987Z\" transform=\"translate(2464.001 3437.001)\" fill=\"currentColor\"\/><\/svg><\/button><button class=\"splide__arrow splide__arrow--next\"><svg xmlns=\"http:\/\/www.w3.org\/2000\/svg\" width=\"15\" height=\"11.25\" viewBox=\"0 0 15 11.25\"><path d=\"M-2455.8-3425.987a.754.754,0,0,1,0-1.136l3.788-3.449h-11.1a.847.847,0,0,1-.883-.8.847.847,0,0,1,.883-.8h11.1l-3.787-3.448a.754.754,0,0,1,0-1.136.945.945,0,0,1,1.248,0l5.293,4.821a.753.753,0,0,1,0,1.137l-5.293,4.821a.927.927,0,0,1-.625.236A.927.927,0,0,1-2455.8-3425.987Z\" transform=\"translate(2464.001 3437.001)\" fill=\"currentColor\"\/><\/svg><\/button><\/div><\/div><\/div><\/div><\/div><\/div>\n\n\n<p class=\"wp-el\"><strong>Akzo Nobel Baltics AS juhatuse esimehe Elena Pasti\u00a0<\/strong>s\u00f5nul on neile auasjaks toetada Tallinna Lauluv\u00e4ljakut, mis on Eesti rahvuslik uhkus. \u201eOleme juba aastaid l\u00f6\u00f6nud kaasa erinevates \u00fchistes projektides, mis aitavad s\u00e4ilitada meie kaunist Lauluv\u00e4ljakut. Samuti peame oluliseks koost\u00f6\u00f6d noortega, et ka j\u00e4rgnevatel p\u00f5lvedel tekiks oma isiklik side selle Eestile nii t\u00e4htsa paigaga.\u201c<br>\u00a0\u00a0<br>14-liikmeline \u00f5pilasmaleva r\u00fchm t\u00f6\u00f6tab Tallinna Lauluv\u00e4ljakul perioodil 25.07-05.08.<br>Projekti koost\u00f6\u00f6partneriks on Akzo Nobel Baltics, kes varustab malevanoored t\u00f6\u00f6vahendite ning Hammerite metallaia v\u00e4rviga. Malevlased said k\u00f5ik v\u00e4ga korraliku instruktaa\u017ei Akzo Nobeli juhendaja poolt, et t\u00f6\u00f6v\u00f5tted ja ohutusn\u00f5uded oleksid tagatud.<br>2021. aastal aitasid Pallase tudengid Sadolini v\u00e4rvide abil anda uue ilme Lauluv\u00e4ljaku kassamajadele.<\/p>\n","protected":false},"excerpt":{"rendered":"<p>Akzo Nobel Baltics AS juhatuse esimehe Elena Pasti\u00a0s\u00f5nul on neile auasjaks toetada Tallinna Lauluv\u00e4ljakut, mis on Eesti rahvuslik uhkus. \u201eOleme&#8230;<\/p>\n","protected":false},"author":1,"featured_media":679,"comment_status":"closed","ping_status":"closed","sticky":false,"template":"","format":"standard","meta":{"_acf_changed":false,"inline_featured_image":false,"footnotes":""},"categories":[2],"class_list":["post-4233","post","type-post","status-publish","format-standard","has-post-thumbnail","hentry","category-news"],"acf":[],"_links":{"self":[{"href":"https:\/\/www.lauluvaljak.ee\/en\/wp-json\/wp\/v2\/posts\/4233","targetHints":{"allow":["GET"]}}],"collection":[{"href":"https:\/\/www.lauluvaljak.ee\/en\/wp-json\/wp\/v2\/posts"}],"about":[{"href":"https:\/\/www.lauluvaljak.ee\/en\/wp-json\/wp\/v2\/types\/post"}],"author":[{"embeddable":true,"href":"https:\/\/www.lauluvaljak.ee\/en\/wp-json\/wp\/v2\/users\/1"}],"replies":[{"embeddable":true,"href":"https:\/\/www.lauluvaljak.ee\/en\/wp-json\/wp\/v2\/comments?post=4233"}],"version-history":[{"count":0,"href":"https:\/\/www.lauluvaljak.ee\/en\/wp-json\/wp\/v2\/posts\/4233\/revisions"}],"wp:featuredmedia":[{"embeddable":true,"href":"https:\/\/www.lauluvaljak.ee\/en\/wp-json\/wp\/v2\/media\/679"}],"wp:attachment":[{"href":"https:\/\/www.lauluvaljak.ee\/en\/wp-json\/wp\/v2\/media?parent=4233"}],"wp:term":[{"taxonomy":"category","embeddable":true,"href":"https:\/\/www.lauluvaljak.ee\/en\/wp-json\/wp\/v2\/categories?post=4233"}],"curies":[{"name":"wp","href":"https:\/\/api.w.org\/{rel}","templated":true}]}}