{"id":4231,"date":"2025-05-01T21:58:45","date_gmt":"2025-05-01T18:58:45","guid":{"rendered":"https:\/\/www.lauluvaljak.ee\/uncategorized\/depeche-modei-maailmaturnee-ainuke-baltimaade-kontsert-toimub-augustis-lauluvaljakul\/"},"modified":"2025-05-01T21:58:45","modified_gmt":"2025-05-01T18:58:45","slug":"depeche-modei-maailmaturnee-ainuke-baltimaade-kontsert-toimub-augustis-lauluvaljakul","status":"publish","type":"post","link":"https:\/\/www.lauluvaljak.ee\/en\/news\/depeche-modei-maailmaturnee-ainuke-baltimaade-kontsert-toimub-augustis-lauluvaljakul\/","title":{"rendered":"Depeche Mode\u2019i maailmaturnee ainuke Baltimaade kontsert toimub augustis Lauluv\u00e4ljakul"},"content":{"rendered":"<div class=\"ama-block block-txtmedia\"><div class=\"block__body\"><div class=\"body__content\">\n\n<p class=\"has-semi-large-font-size wp-el\">2020. aasta Rock &amp; Roll Hall of Fame lii Depeche Mode teatas t\u00e4na Berliinis toimunud eri\u00fcritusel, et nad annavad 2023. aastal v\u00e4lja uue albumi ja alustavad maailmaturneega. \u201eThe Memento Mori Tour\u201c toetab b\u00e4ndi peagi ilmuvat 15. stuudioalbumit \u201cMemento Mori\u201d, mis ilmub 2023. aasta kevadel. B\u00e4ndi ainuke Baltimaade kontsert toimub 6. augustil Tallinna Lauluv\u00e4ljakul.<\/p>\n\n\n\n<p class=\"wp-el\">Traditsiooni murdes avaldasid Dave Gahan ja Martin Gore t\u00e4na, et Live Nationi korraldatud turnee algab P\u00f5hja-Ameerika turul eri\u00fcrituste sarjaga, mis algab 23. m\u00e4rtsil, enne kui b\u00e4nd suundub Euroopasse oma suvisele staadioniturneele. Loetud kuup\u00e4evadel esinevad nad P\u00f5hja-Ameerikas muu hulgas sellistes legendaarsetes kohtades nagu New Yorgi Madison Square Garden, Chicago United Center, Los Angelese Kia Forum ja Toronto Scotiabank Arena. Seej\u00e4rel alustab b\u00e4nd 16. mail oma Euroopa staadioniturneed, j\u00f5udes Stade de France Pariisi, Berliini ol\u00fcmpiastaadionile, Milano San Siro staadionile ja Londoni Twickenhami staadionile.<\/p>\n\n<\/div><div class=\"body__media\"><div class=\"splide\" data-splide={\"type\":\"fade\",\"pagination\":false}><div class=\"splide__track\"><ul class=\"splide__list\"><li class=\"splide__slide\"><a href=\"https:\/\/www.lauluvaljak.ee\/wp-content\/uploads\/2025\/05\/image003.jpg\" data-fancybox=\"txtmedia-block_2abb335b7333326a4de83abb723725bc\"><img decoding=\"async\" width=\"620\" height=\"380\" src=\"https:\/\/www.lauluvaljak.ee\/wp-content\/uploads\/bis-images\/685\/image003-620x380-f50_50.jpg\" class=\"attachment-620x380\" alt=\"image003\" loading=\"lazy\" \/><\/a><\/li><\/ul><\/div><div class=\"splide__arrows hide-arrows\"><div class=\"splide__arrows\"><button class=\"splide__arrow splide__arrow--prev\"><svg xmlns=\"http:\/\/www.w3.org\/2000\/svg\" width=\"15\" height=\"11.25\" viewBox=\"0 0 15 11.25\"><path d=\"M-2457.2-3425.987a.754.754,0,0,0,0-1.136l-3.788-3.449h11.1a.847.847,0,0,0,.883-.8.847.847,0,0,0-.883-.8h-11.1l3.787-3.449a.754.754,0,0,0,0-1.136.945.945,0,0,0-1.248,0l-5.293,4.821a.753.753,0,0,0,0,1.137l5.293,4.821a.927.927,0,0,0,.625.236A.927.927,0,0,0-2457.2-3425.987Z\" transform=\"translate(2464.001 3437.001)\" fill=\"currentColor\"\/><\/svg><\/button><button class=\"splide__arrow splide__arrow--next\"><svg xmlns=\"http:\/\/www.w3.org\/2000\/svg\" width=\"15\" height=\"11.25\" viewBox=\"0 0 15 11.25\"><path d=\"M-2455.8-3425.987a.754.754,0,0,1,0-1.136l3.788-3.449h-11.1a.847.847,0,0,1-.883-.8.847.847,0,0,1,.883-.8h11.1l-3.787-3.448a.754.754,0,0,1,0-1.136.945.945,0,0,1,1.248,0l5.293,4.821a.753.753,0,0,1,0,1.137l-5.293,4.821a.927.927,0,0,1-.625.236A.927.927,0,0,1-2455.8-3425.987Z\" transform=\"translate(2464.001 3437.001)\" fill=\"currentColor\"\/><\/svg><\/button><\/div><\/div><\/div><\/div><\/div><\/div>\n\n\n<p class=\"wp-el\">\u201cMemento Morist\u201d r\u00e4\u00e4kides \u00fctles Martin Gore: \u201eAlustasime selle projekti kallal t\u00f6\u00f6d pandeemia alguses ja albumi teemad olid sellest ajast otseselt inspireeritud. P\u00e4rast Fletchi surma otsustasime j\u00e4tkata, kuna oleme kindlad, et see on see, mida ta oleks tahtnud, ja see on andnud projektile lisat\u00e4henduse.\u201d Dave Gahan lisas: \u201cFletchile oleks see album meeldinud. Ootame v\u00e4ga, et saame seda varsti teiega jagada ja me ei j\u00f5ua \u00e4ra oodata, et saaksime seda j\u00e4rgmisel aastal teile otse laval esitada.\u201d<br>&nbsp;<\/p>\n\n\n\n<p class=\"wp-el\">Memento Mori tuur on Depeche Mode&#8217;i 19. turnee ja esimene enam kui viie aasta jooksul. B\u00e4ndi viimane turnee \u201eGlobal Spirit Tour\u201c (2017\u20132018) oli Depeche Mode\u2019i seni pikim omasugune. Turnee kujunes aasta \u00fcheks k\u00f5ige tulusamaks ja b\u00e4nd m\u00e4ngis 130 esinemise jooksul enam kui kolmele miljonile f\u00e4nnile \u00fcle Euroopa ja P\u00f5hja-Ameerika.<br>&nbsp;<\/p>\n\n\n\n<p class=\"wp-el\">\u201cMemento Mori\u201d on Depeche Mode&#8217;i 15. stuudioalbum ja j\u00e4rg 2017. aasta kriitikute kiidetud albumile \u201cSpirit\u201d, mis j\u00f5udis 11 riigis esikohale, olles esiviisikus rohkem kui 20 muus riigis. \u201cMemento Mori\u201d avaldab Columbia Records \u00fclemaailmselt 2023. aasta kevadel.<br>&nbsp;<\/p>\n\n\n\n<p class=\"wp-el\">\u00dcle 100 miljoni plaadi m\u00fc\u00fcnud ja enam kui 35 miljonile f\u00e4nnile \u00fcle maailma m\u00e4nginud Depeche Mode on j\u00e4tkuvalt arenev ja erakordselt m\u00f5juv muusikaline j\u00f5ud. Depeche Mode on kustumatu inspiratsiooniallikas nii f\u00e4nnidele, kriitikutele kui ka artistidele. B\u00e4nd liigub aina edasi, seejuures on \u201cMemento Mori\u201d album ja samanimeline tuur v\u00f5rreldamatu ja j\u00e4tkuva p\u00e4randi uusim peat\u00fckk.<br>&nbsp;<\/p>\n\n\n\n<p class=\"wp-el\"><strong>Depeche Mode\u2019i Tallinna kontsert toimub 6. augustil 2023 Tallinna Lauluv\u00e4ljakul. Tallinna kontserdi piletite eelm\u00fc\u00fck toimub 5. ja 6. oktoobril. Alates 7. oktoobrist on piletid saadavad k\u00f5igile. Piletiinfo on leitav Piletilevi m\u00fc\u00fcgipunktides ja veebipoes.<\/strong><\/p>\n","protected":false},"excerpt":{"rendered":"<p>\u201cMemento Morist\u201d r\u00e4\u00e4kides \u00fctles Martin Gore: \u201eAlustasime selle projekti kallal t\u00f6\u00f6d pandeemia alguses ja albumi teemad olid sellest ajast otseselt&#8230;<\/p>\n","protected":false},"author":1,"featured_media":685,"comment_status":"closed","ping_status":"closed","sticky":false,"template":"","format":"standard","meta":{"_acf_changed":false,"inline_featured_image":false,"footnotes":""},"categories":[2],"class_list":["post-4231","post","type-post","status-publish","format-standard","has-post-thumbnail","hentry","category-news"],"acf":[],"_links":{"self":[{"href":"https:\/\/www.lauluvaljak.ee\/en\/wp-json\/wp\/v2\/posts\/4231","targetHints":{"allow":["GET"]}}],"collection":[{"href":"https:\/\/www.lauluvaljak.ee\/en\/wp-json\/wp\/v2\/posts"}],"about":[{"href":"https:\/\/www.lauluvaljak.ee\/en\/wp-json\/wp\/v2\/types\/post"}],"author":[{"embeddable":true,"href":"https:\/\/www.lauluvaljak.ee\/en\/wp-json\/wp\/v2\/users\/1"}],"replies":[{"embeddable":true,"href":"https:\/\/www.lauluvaljak.ee\/en\/wp-json\/wp\/v2\/comments?post=4231"}],"version-history":[{"count":0,"href":"https:\/\/www.lauluvaljak.ee\/en\/wp-json\/wp\/v2\/posts\/4231\/revisions"}],"wp:featuredmedia":[{"embeddable":true,"href":"https:\/\/www.lauluvaljak.ee\/en\/wp-json\/wp\/v2\/media\/685"}],"wp:attachment":[{"href":"https:\/\/www.lauluvaljak.ee\/en\/wp-json\/wp\/v2\/media?parent=4231"}],"wp:term":[{"taxonomy":"category","embeddable":true,"href":"https:\/\/www.lauluvaljak.ee\/en\/wp-json\/wp\/v2\/categories?post=4231"}],"curies":[{"name":"wp","href":"https:\/\/api.w.org\/{rel}","templated":true}]}}