{"id":4230,"date":"2025-05-01T21:58:49","date_gmt":"2025-05-01T18:58:49","guid":{"rendered":"https:\/\/www.lauluvaljak.ee\/uncategorized\/tallinna-lauluvaljaku-ideekonkursi-zurii-kogunes-lauluvaljakul\/"},"modified":"2025-05-01T21:58:49","modified_gmt":"2025-05-01T18:58:49","slug":"tallinna-lauluvaljaku-ideekonkursi-zurii-kogunes-lauluvaljakul","status":"publish","type":"post","link":"https:\/\/www.lauluvaljak.ee\/en\/news\/tallinna-lauluvaljaku-ideekonkursi-zurii-kogunes-lauluvaljakul\/","title":{"rendered":"Tallinna Lauluv\u00e4ljaku ideekonkursi \u017e\u00fcrii kogunes Lauluv\u00e4ljakul"},"content":{"rendered":"<div class=\"ama-block block-txtmedia\"><div class=\"block__body\"><div class=\"body__content\">\n\n<p class=\"has-semi-large-font-size wp-el\"><strong>Tallinna Lauluv\u00e4ljaku avalikule ideekonkursile ruumilise tervikvisiooni leidmiseks<\/strong>&nbsp;laekus t\u00e4htajaks&nbsp;seitse v\u00f5istlust\u00f6\u00f6d, mis k\u00f5ik vastasid ka riigihankes s\u00e4testatud tingimustele.<\/p>\n\n\n\n<p class=\"wp-el\">Lauluv\u00e4ljaku&nbsp;ruumilise tervikvisiooni ideekonkurss on avalik \u00fcheetapiline ideekonkurss, mis&nbsp;on suunatud arhitektuuri- ja maastikuarhitektuurib\u00fcroode kollektiividele, kuna&nbsp;konkurss h\u00f5lmas nii ruumilist planeerimist,&nbsp;arhitektuuri, maastikuarhitektuuri&nbsp;kui liikuvuskeskkonna kujundamist.&nbsp;Ideekonkursi&nbsp;auhinnafond on&nbsp;43 000 eurot, millest esimese koha preemia on&nbsp;15 000 eurot, teise koha preemia 10 000 eurot, kolmanda koha preemia&nbsp;8000 eurot; lisaks antakse v\u00e4lja&nbsp;2&nbsp;ergutuspreemiat a\u2019 5000&nbsp;eurot.<br>&nbsp;<br>Konkursi&nbsp;korraldajad on SA Tallinna Lauluv\u00e4ljak ja Tallinna Strateegiakeskus koost\u00f6\u00f6s&nbsp;Eesti Arhitektide Liiduga.<\/p>\n\n<\/div><div class=\"body__media\"><div class=\"splide\" data-splide={\"type\":\"fade\",\"pagination\":false}><div class=\"splide__track\"><ul class=\"splide__list\"><li class=\"splide__slide\"><a href=\"https:\/\/www.lauluvaljak.ee\/wp-content\/uploads\/2025\/05\/krhxeiss-1280x853.jpeg\" data-fancybox=\"txtmedia-block_5f5bb6bfe76987824f75f7d11d2003bf\"><img decoding=\"async\" width=\"620\" height=\"380\" src=\"https:\/\/www.lauluvaljak.ee\/wp-content\/uploads\/bis-images\/687\/krhxeiss-620x380-f50_50.jpeg\" class=\"attachment-620x380\" alt=\"krhxeiss\" loading=\"lazy\" \/><\/a><\/li><\/ul><\/div><div class=\"splide__arrows hide-arrows\"><div class=\"splide__arrows\"><button class=\"splide__arrow splide__arrow--prev\"><svg xmlns=\"http:\/\/www.w3.org\/2000\/svg\" width=\"15\" height=\"11.25\" viewBox=\"0 0 15 11.25\"><path d=\"M-2457.2-3425.987a.754.754,0,0,0,0-1.136l-3.788-3.449h11.1a.847.847,0,0,0,.883-.8.847.847,0,0,0-.883-.8h-11.1l3.787-3.449a.754.754,0,0,0,0-1.136.945.945,0,0,0-1.248,0l-5.293,4.821a.753.753,0,0,0,0,1.137l5.293,4.821a.927.927,0,0,0,.625.236A.927.927,0,0,0-2457.2-3425.987Z\" transform=\"translate(2464.001 3437.001)\" fill=\"currentColor\"\/><\/svg><\/button><button class=\"splide__arrow splide__arrow--next\"><svg xmlns=\"http:\/\/www.w3.org\/2000\/svg\" width=\"15\" height=\"11.25\" viewBox=\"0 0 15 11.25\"><path d=\"M-2455.8-3425.987a.754.754,0,0,1,0-1.136l3.788-3.449h-11.1a.847.847,0,0,1-.883-.8.847.847,0,0,1,.883-.8h11.1l-3.787-3.448a.754.754,0,0,1,0-1.136.945.945,0,0,1,1.248,0l5.293,4.821a.753.753,0,0,1,0,1.137l-5.293,4.821a.927.927,0,0,1-.625.236A.927.927,0,0,1-2455.8-3425.987Z\" transform=\"translate(2464.001 3437.001)\" fill=\"currentColor\"\/><\/svg><\/button><\/div><\/div><\/div><\/div><\/div><\/div>\n\n\n<p class=\"wp-el\">Tallinna linnapea ja v\u00f5istluse \u017e\u00fcrii esimehe&nbsp;<strong>Mihhail K\u00f5lvart<\/strong>i s\u00f5nul on Tallinna Lauluv\u00e4ljak eriline objekt, mille arenguid saadab suur avalikkuse huvi. \u201eEestlaste jaoks on Tallinna Lauluv\u00e4ljak identiteedi lahutamatuks osaks, see on&nbsp;rahvuskultuuriline p\u00fchapaik, mis kannab endas traditsioone. Ja seda p\u00e4randit hoides loome ka tulevikku,\u201c s\u00f5nas&nbsp;K\u00f5lvart. \u201eKonkursile laekunud v\u00f5istlust\u00f6\u00f6d t\u00e4histavad j\u00e4rgmist etappi Tallinna Lauluv\u00e4ljaku ja seda \u00fcmbritseva ala kujundamisel, millele on eelnenud pikk ja p\u00f5hjalik ettevalmistust\u00f6\u00f6. N\u00fc\u00fcd asub \u017e\u00fcrii esitatud materjale p\u00f5hjalikult l\u00e4bi t\u00f6\u00f6tama ning me soovime v\u00f5itja v\u00e4lja valida veel k\u00e4esoleva aasta l\u00f5puks.\u201c&nbsp;<\/p>\n\n\n\n<p class=\"wp-el\">\u017d\u00fcrii t\u00f6\u00f6d juhib Tallinna linnapea&nbsp;<strong>Mihhail K\u00f5lvart<\/strong>&nbsp;ning selle koosseisu kuuluvad:&nbsp;<br><strong>Urmo Saareoja,&nbsp;<\/strong>\u017e\u00fcrii aseesimees, Lauluv\u00e4ljaku juhataja<br><strong>Merilin Piipuu<\/strong>, Kultuuriministeeriumi asekantsler&nbsp;<br><strong>Hirvo Surva<\/strong>, Eesti Koori\u00fchingu esimees<br><strong>Jaak Huimerind<\/strong>, Eesti Arhitektide Liidu esindaja<br><strong>Marika L\u00f5oke<\/strong>, Eesti Arhitektide Liidu esindaja<br><strong>Edgar Kaare<\/strong>,&nbsp;Eesti Maastikuarhitektide Liidu esindaja<br><strong>Oliver Alver,<\/strong>&nbsp;Tallinna Linnaplaneerimise Ameti esindaja<br><strong>Paco-Ernest Ulman<\/strong>, Tallinna Strateegiakeskuse esindaja<\/p>\n\n\n\n<p class=\"wp-el\">\u017d\u00fcrii j\u00e4rgmine koosolek ja arvatavasti ka v\u00f5idut\u00f6\u00f6 v\u00e4ljavalimine toimub 1. detsembril.<\/p>\n","protected":false},"excerpt":{"rendered":"<p>Tallinna linnapea ja v\u00f5istluse \u017e\u00fcrii esimehe&nbsp;Mihhail K\u00f5lvarti s\u00f5nul on Tallinna Lauluv\u00e4ljak eriline objekt, mille arenguid saadab suur avalikkuse huvi. \u201eEestlaste&#8230;<\/p>\n","protected":false},"author":1,"featured_media":687,"comment_status":"closed","ping_status":"closed","sticky":false,"template":"","format":"standard","meta":{"_acf_changed":false,"inline_featured_image":false,"footnotes":""},"categories":[2],"class_list":["post-4230","post","type-post","status-publish","format-standard","has-post-thumbnail","hentry","category-news"],"acf":[],"_links":{"self":[{"href":"https:\/\/www.lauluvaljak.ee\/en\/wp-json\/wp\/v2\/posts\/4230","targetHints":{"allow":["GET"]}}],"collection":[{"href":"https:\/\/www.lauluvaljak.ee\/en\/wp-json\/wp\/v2\/posts"}],"about":[{"href":"https:\/\/www.lauluvaljak.ee\/en\/wp-json\/wp\/v2\/types\/post"}],"author":[{"embeddable":true,"href":"https:\/\/www.lauluvaljak.ee\/en\/wp-json\/wp\/v2\/users\/1"}],"replies":[{"embeddable":true,"href":"https:\/\/www.lauluvaljak.ee\/en\/wp-json\/wp\/v2\/comments?post=4230"}],"version-history":[{"count":0,"href":"https:\/\/www.lauluvaljak.ee\/en\/wp-json\/wp\/v2\/posts\/4230\/revisions"}],"wp:featuredmedia":[{"embeddable":true,"href":"https:\/\/www.lauluvaljak.ee\/en\/wp-json\/wp\/v2\/media\/687"}],"wp:attachment":[{"href":"https:\/\/www.lauluvaljak.ee\/en\/wp-json\/wp\/v2\/media?parent=4230"}],"wp:term":[{"taxonomy":"category","embeddable":true,"href":"https:\/\/www.lauluvaljak.ee\/en\/wp-json\/wp\/v2\/categories?post=4230"}],"curies":[{"name":"wp","href":"https:\/\/api.w.org\/{rel}","templated":true}]}}