{"id":4225,"date":"2025-05-01T21:59:04","date_gmt":"2025-05-01T18:59:04","guid":{"rendered":"https:\/\/www.lauluvaljak.ee\/uncategorized\/lauluvaljaku-teed-saavad-enne-laulupidu-varskema-ilme\/"},"modified":"2025-05-01T21:59:04","modified_gmt":"2025-05-01T18:59:04","slug":"lauluvaljaku-teed-saavad-enne-laulupidu-varskema-ilme","status":"publish","type":"post","link":"https:\/\/www.lauluvaljak.ee\/en\/news\/lauluvaljaku-teed-saavad-enne-laulupidu-varskema-ilme\/","title":{"rendered":"Lauluv\u00e4ljaku teed saavad enne laulupidu v\u00e4rskema ilme"},"content":{"rendered":"<div class=\"ama-block block-txtmedia\"><div class=\"block__body\"><div class=\"body__content\">\n\n<p class=\"has-semi-large-font-size wp-el\"><strong>T\u00e4na, 24. aprillil alustatakse Tallinna Lauluv\u00e4ljaku territooriumile j\u00e4\u00e4vate teede taastusremondit\u00f6\u00f6dega.<\/strong><\/p>\n\n\n\n<p class=\"wp-el\">T\u00f6\u00f6de k\u00e4igus remonditakse lauluv\u00e4ljaku territooriumil asuvate teede asfaltkatteid ligikaudu 16\u00a0000 m\u00b2 suurusel alal ning korrastatakse kaevup\u00e4iseid. \u201eTeatavasti toimub eeloleval suvel noorte laulu- ja tantsupidu. Seet\u00f5ttu korrastame peo eel lauluv\u00e4ljaku teid, et esinejatel ja publikul oleks suurs\u00fcndmuse ajal mugav ja ohutu liikuda,\u201c m\u00e4rkis Tallinna abilinnapea\u00a0Vladimir Svet.\u00a0\u00a0<\/p>\n\n\n\n<p class=\"wp-el\">\u201eLauluv\u00e4ljakul on v\u00e4ga hea meel, et sel kevadhooajal algab suurte ehitust\u00f6\u00f6dega. Pingutame \u00fchiselt selle nimel, et algavate suur\u00fcrituste hooajaks oleks meie territoorium laitmatu. See on k\u00f5igi \u00fchispingutus, et meie\u00a0XIII noorte laulu- ja tantsupidu toimuks ideaalsetes tingimustes,&#8221; \u00fctles\u00a0Tallinna Lauluv\u00e4ljaku juht\u00a0Urmo Saareoja.<br>\u00a0<br>T\u00f6id teeb Tallinna keskkonna- ja kommunaalameti tellimusel AS TREF Nord ning need l\u00e4hevad maksma 285\u00a0000 eurot. Ehitust\u00f6\u00f6de lepinguline t\u00e4htaeg on mais 2023.<br>\u00a0<br><strong>T\u00f6\u00f6de ajal palume Tallinna Lauluv\u00e4ljaku k\u00fclastajatel olla t\u00e4helepanelikud ning j\u00e4lgida liiklusm\u00e4rke.<\/strong><\/p>\n\n<\/div><div class=\"body__media\"><div class=\"splide\" data-splide={\"type\":\"fade\",\"pagination\":false}><div class=\"splide__track\"><ul class=\"splide__list\"><li class=\"splide__slide\"><a href=\"https:\/\/www.lauluvaljak.ee\/wp-content\/uploads\/2025\/05\/lauluvaljak_03.05.2022_mere_varav_gunnar_laak_0-1280x555.jpg\" data-fancybox=\"txtmedia-block_3ce7ccc9926b0006eb2e38a10f808c74\"><img decoding=\"async\" width=\"620\" height=\"380\" src=\"https:\/\/www.lauluvaljak.ee\/wp-content\/uploads\/bis-images\/709\/lauluvaljak_03.05.2022_mere_varav_gunnar_laak_0-620x380-f50_50.jpg\" class=\"attachment-620x380\" alt=\"lauluvaljak_03.05.2022_mere_varav_gunnar_laak_0\" loading=\"lazy\" \/><\/a><\/li><\/ul><\/div><div class=\"splide__arrows hide-arrows\"><div class=\"splide__arrows\"><button class=\"splide__arrow splide__arrow--prev\"><svg xmlns=\"http:\/\/www.w3.org\/2000\/svg\" width=\"15\" height=\"11.25\" viewBox=\"0 0 15 11.25\"><path d=\"M-2457.2-3425.987a.754.754,0,0,0,0-1.136l-3.788-3.449h11.1a.847.847,0,0,0,.883-.8.847.847,0,0,0-.883-.8h-11.1l3.787-3.449a.754.754,0,0,0,0-1.136.945.945,0,0,0-1.248,0l-5.293,4.821a.753.753,0,0,0,0,1.137l5.293,4.821a.927.927,0,0,0,.625.236A.927.927,0,0,0-2457.2-3425.987Z\" transform=\"translate(2464.001 3437.001)\" fill=\"currentColor\"\/><\/svg><\/button><button class=\"splide__arrow splide__arrow--next\"><svg xmlns=\"http:\/\/www.w3.org\/2000\/svg\" width=\"15\" height=\"11.25\" viewBox=\"0 0 15 11.25\"><path d=\"M-2455.8-3425.987a.754.754,0,0,1,0-1.136l3.788-3.449h-11.1a.847.847,0,0,1-.883-.8.847.847,0,0,1,.883-.8h11.1l-3.787-3.448a.754.754,0,0,1,0-1.136.945.945,0,0,1,1.248,0l5.293,4.821a.753.753,0,0,1,0,1.137l-5.293,4.821a.927.927,0,0,1-.625.236A.927.927,0,0,1-2455.8-3425.987Z\" transform=\"translate(2464.001 3437.001)\" fill=\"currentColor\"\/><\/svg><\/button><\/div><\/div><\/div><\/div><\/div><\/div>","protected":false},"excerpt":{"rendered":"","protected":false},"author":1,"featured_media":711,"comment_status":"closed","ping_status":"closed","sticky":false,"template":"","format":"standard","meta":{"_acf_changed":false,"inline_featured_image":false,"footnotes":""},"categories":[2],"class_list":["post-4225","post","type-post","status-publish","format-standard","has-post-thumbnail","hentry","category-news"],"acf":[],"_links":{"self":[{"href":"https:\/\/www.lauluvaljak.ee\/en\/wp-json\/wp\/v2\/posts\/4225","targetHints":{"allow":["GET"]}}],"collection":[{"href":"https:\/\/www.lauluvaljak.ee\/en\/wp-json\/wp\/v2\/posts"}],"about":[{"href":"https:\/\/www.lauluvaljak.ee\/en\/wp-json\/wp\/v2\/types\/post"}],"author":[{"embeddable":true,"href":"https:\/\/www.lauluvaljak.ee\/en\/wp-json\/wp\/v2\/users\/1"}],"replies":[{"embeddable":true,"href":"https:\/\/www.lauluvaljak.ee\/en\/wp-json\/wp\/v2\/comments?post=4225"}],"version-history":[{"count":0,"href":"https:\/\/www.lauluvaljak.ee\/en\/wp-json\/wp\/v2\/posts\/4225\/revisions"}],"wp:featuredmedia":[{"embeddable":true,"href":"https:\/\/www.lauluvaljak.ee\/en\/wp-json\/wp\/v2\/media\/711"}],"wp:attachment":[{"href":"https:\/\/www.lauluvaljak.ee\/en\/wp-json\/wp\/v2\/media?parent=4225"}],"wp:term":[{"taxonomy":"category","embeddable":true,"href":"https:\/\/www.lauluvaljak.ee\/en\/wp-json\/wp\/v2\/categories?post=4225"}],"curies":[{"name":"wp","href":"https:\/\/api.w.org\/{rel}","templated":true}]}}