{"id":4218,"date":"2025-05-01T21:59:20","date_gmt":"2025-05-01T18:59:20","guid":{"rendered":"https:\/\/www.lauluvaljak.ee\/uncategorized\/terve-ala-on-labipaasuks-suletud-26-06-04-07\/"},"modified":"2025-05-01T21:59:20","modified_gmt":"2025-05-01T18:59:20","slug":"terve-ala-on-labipaasuks-suletud-26-06-04-07","status":"publish","type":"post","link":"https:\/\/www.lauluvaljak.ee\/en\/news\/terve-ala-on-labipaasuks-suletud-26-06-04-07\/","title":{"rendered":"Terve ala on l\u00e4bip\u00e4\u00e4suks suletud 26.06-04.07"},"content":{"rendered":"<div class=\"ama-block block-txtmedia\"><div class=\"block__body\"><div class=\"body__content\">\n\n<p class=\"has-semi-large-font-size wp-el\">Head Tallinna Lauluv\u00e4ljaku k\u00fclastajad ning \u00fcmbruskonna elanikud!<\/p>\n\n\n\n<p class=\"wp-el\">Juba j\u00e4rgmisel p\u00fchap\u00e4eval,<strong>&nbsp;2. juulil&nbsp;<\/strong>koguneme k\u00f5ik Lauluv\u00e4ljakule, et \u00fcheskoos nautida&nbsp;<a href=\"https:\/\/2023.laulupidu.ee\/xiii-noorte-laulupidu\/\" target=\"_blank\" rel=\"noopener\"><strong>XIII noorte laulupidu &#8221;P\u00fcha on maa&#8221;<\/strong><\/a>. XIII noorte laulu- ja tantsupidu kannab \u00fchist juhtm\u00f5tet \u201eP\u00fcha on maa\u201c. Noortepeo loovjuhtide selgitusel on \u201ep\u00fcha\u201d selline s\u00f5na, mida argip\u00e4evas v\u00e4ga tihti ei kasutata. Seda s\u00f5na hoitakse puhuks, kui tuleb r\u00e4\u00e4kida millestki v\u00e4ga erilisest. Millestki, mis v\u00e4\u00e4rib meie eriti s\u00fcgavat austust ja mida ei tohi rikkuda. Haara pilet&nbsp;<strong><a href=\"https:\/\/2023.laulupidu.ee\/osta-pilet\/\" target=\"_blank\" rel=\"noopener\">SIIN.<\/a><\/strong>&nbsp;Vaata ka Lauluv\u00e4ljaku ala plaani \u00fcrituse ajal&nbsp;<strong><a href=\"https:\/\/2023.laulupidu.ee\/kulastajale\/lauluvaljaku-ala-plaan\/\" target=\"_blank\" rel=\"noopener\">SIIN.<\/a><\/strong><\/p>\n\n\n\n<p class=\"wp-el\">Selleks, et&nbsp;XIII noorte laulupidu saaks k\u00f5ik vajalikud ettevalmistused ning demontaa\u017ei tehtud, on<strong>&nbsp;26.06 kell 8.00 kuni 04.07 kell 18.00&nbsp;Tallinna Lauluv\u00e4ljaku ala l\u00e4bip\u00e4\u00e4suks suletud.<\/strong><\/p>\n\n\n\n<p class=\"wp-el\">Soovime k\u00f5igile l\u00f5busat jaanip\u00e4eva ning suurejoonelist&nbsp;tulevast noorte laulu- ja tantsupidu!<\/p>\n\n<\/div><div class=\"body__media\"><div class=\"splide\" data-splide={\"type\":\"fade\",\"pagination\":false}><div class=\"splide__track\"><ul class=\"splide__list\"><li class=\"splide__slide\"><a href=\"https:\/\/www.lauluvaljak.ee\/wp-content\/uploads\/2025\/05\/ala_on_suletud_a1.pdf-1280x904.png\" data-fancybox=\"txtmedia-block_1b6c69f74498ee77f93d0de76dadff16\"><img decoding=\"async\" width=\"620\" height=\"380\" src=\"https:\/\/www.lauluvaljak.ee\/wp-content\/uploads\/bis-images\/737\/ala_on_suletud_a1.pdf-620x380-f50_50.png\" class=\"attachment-620x380\" alt=\"ala_on_suletud_a1.pdf\" loading=\"lazy\" \/><\/a><\/li><\/ul><\/div><div class=\"splide__arrows hide-arrows\"><div class=\"splide__arrows\"><button class=\"splide__arrow splide__arrow--prev\"><svg xmlns=\"http:\/\/www.w3.org\/2000\/svg\" width=\"15\" height=\"11.25\" viewBox=\"0 0 15 11.25\"><path d=\"M-2457.2-3425.987a.754.754,0,0,0,0-1.136l-3.788-3.449h11.1a.847.847,0,0,0,.883-.8.847.847,0,0,0-.883-.8h-11.1l3.787-3.449a.754.754,0,0,0,0-1.136.945.945,0,0,0-1.248,0l-5.293,4.821a.753.753,0,0,0,0,1.137l5.293,4.821a.927.927,0,0,0,.625.236A.927.927,0,0,0-2457.2-3425.987Z\" transform=\"translate(2464.001 3437.001)\" fill=\"currentColor\"\/><\/svg><\/button><button class=\"splide__arrow splide__arrow--next\"><svg xmlns=\"http:\/\/www.w3.org\/2000\/svg\" width=\"15\" height=\"11.25\" viewBox=\"0 0 15 11.25\"><path d=\"M-2455.8-3425.987a.754.754,0,0,1,0-1.136l3.788-3.449h-11.1a.847.847,0,0,1-.883-.8.847.847,0,0,1,.883-.8h11.1l-3.787-3.448a.754.754,0,0,1,0-1.136.945.945,0,0,1,1.248,0l5.293,4.821a.753.753,0,0,1,0,1.137l-5.293,4.821a.927.927,0,0,1-.625.236A.927.927,0,0,1-2455.8-3425.987Z\" transform=\"translate(2464.001 3437.001)\" fill=\"currentColor\"\/><\/svg><\/button><\/div><\/div><\/div><\/div><\/div><\/div>","protected":false},"excerpt":{"rendered":"","protected":false},"author":1,"featured_media":737,"comment_status":"closed","ping_status":"closed","sticky":false,"template":"","format":"standard","meta":{"_acf_changed":false,"inline_featured_image":false,"footnotes":""},"categories":[2],"class_list":["post-4218","post","type-post","status-publish","format-standard","has-post-thumbnail","hentry","category-news"],"acf":[],"_links":{"self":[{"href":"https:\/\/www.lauluvaljak.ee\/en\/wp-json\/wp\/v2\/posts\/4218","targetHints":{"allow":["GET"]}}],"collection":[{"href":"https:\/\/www.lauluvaljak.ee\/en\/wp-json\/wp\/v2\/posts"}],"about":[{"href":"https:\/\/www.lauluvaljak.ee\/en\/wp-json\/wp\/v2\/types\/post"}],"author":[{"embeddable":true,"href":"https:\/\/www.lauluvaljak.ee\/en\/wp-json\/wp\/v2\/users\/1"}],"replies":[{"embeddable":true,"href":"https:\/\/www.lauluvaljak.ee\/en\/wp-json\/wp\/v2\/comments?post=4218"}],"version-history":[{"count":0,"href":"https:\/\/www.lauluvaljak.ee\/en\/wp-json\/wp\/v2\/posts\/4218\/revisions"}],"wp:featuredmedia":[{"embeddable":true,"href":"https:\/\/www.lauluvaljak.ee\/en\/wp-json\/wp\/v2\/media\/737"}],"wp:attachment":[{"href":"https:\/\/www.lauluvaljak.ee\/en\/wp-json\/wp\/v2\/media?parent=4218"}],"wp:term":[{"taxonomy":"category","embeddable":true,"href":"https:\/\/www.lauluvaljak.ee\/en\/wp-json\/wp\/v2\/categories?post=4218"}],"curies":[{"name":"wp","href":"https:\/\/api.w.org\/{rel}","templated":true}]}}