{"id":4217,"date":"2025-05-01T21:59:21","date_gmt":"2025-05-01T18:59:21","guid":{"rendered":"https:\/\/www.lauluvaljak.ee\/uncategorized\/noorte-laulu-ja-tantsupeo-nadal-sai-hoo-sisse-allee-avamisega\/"},"modified":"2025-05-01T21:59:21","modified_gmt":"2025-05-01T18:59:21","slug":"noorte-laulu-ja-tantsupeo-nadal-sai-hoo-sisse-allee-avamisega","status":"publish","type":"post","link":"https:\/\/www.lauluvaljak.ee\/en\/news\/noorte-laulu-ja-tantsupeo-nadal-sai-hoo-sisse-allee-avamisega\/","title":{"rendered":"Noorte laulu- ja tantsupeo n\u00e4dal sai hoo sisse allee avamisega"},"content":{"rendered":"<div class=\"ama-block block-txtmedia\"><div class=\"block__body\"><div class=\"body__content\">\n\n<p class=\"has-semi-large-font-size wp-el\"><strong>XIII noorte laulu- ja tantsupidu algab juba reedel, 30. juunil. Peon\u00e4dalale lisas omalt poolt pidulikkust Tallinna Lauluv\u00e4ljak, kus avati \u201cLaulupidude allee\u201d. M\u00e4e v\u00e4rava vahetus l\u00e4heduses paiknev allee j\u00e4tkab 1994. aastal pooleli j\u00e4\u00e4nud laulupeom\u00fc\u00fcri traditsiooni.&nbsp;<\/strong><\/p>\n\n\n\n<p class=\"wp-el\">\u201eLauluv\u00e4ljak on laulupeoliste kodu, kus saavad kokku meie rahva p\u00fcha traditsiooni minevik, olevik ja tulevik,\u201c \u00fctles Laulu- ja Tantsupeo SA juht&nbsp;<strong>Margus Toomla<\/strong>, \u201esee traditsioon ei kandu edasi aga iseenesest, vaid peame selle tugevuse nimel t\u00f6\u00f6d tegema, iga\u00fcks ise ning \u00fcheskoos. Eks t\u00e4nased noored lauljad on need, kes ka \u00fcldlaulupeol laulukaare alla kokku tulevad. Nii on k\u00f5ik osapooled teinud t\u00f6\u00f6d selle nimel, et peatselt saabuv pidu suurep\u00e4raselt sujuks ja pakuks suuri emotsioone.\u201c<\/p>\n\n<\/div><div class=\"body__media\"><div class=\"splide\" data-splide={\"type\":\"fade\",\"pagination\":false}><div class=\"splide__track\"><ul class=\"splide__list\"><li class=\"splide__slide\"><a href=\"https:\/\/www.lauluvaljak.ee\/wp-content\/uploads\/2025\/05\/dscf8736-1280x853.jpg\" data-fancybox=\"txtmedia-block_64583b6f5b0107eec5837c7883f73bf4\"><img decoding=\"async\" width=\"620\" height=\"380\" src=\"https:\/\/www.lauluvaljak.ee\/wp-content\/uploads\/bis-images\/741\/dscf8736-620x380-f50_50.jpg\" class=\"attachment-620x380\" alt=\"dscf8736\" loading=\"lazy\" \/><\/a><\/li><li class=\"splide__slide\"><a href=\"https:\/\/www.lauluvaljak.ee\/wp-content\/uploads\/2025\/05\/dscf8610-1280x853.jpg\" data-fancybox=\"txtmedia-block_64583b6f5b0107eec5837c7883f73bf4\"><img decoding=\"async\" width=\"620\" height=\"380\" src=\"https:\/\/www.lauluvaljak.ee\/wp-content\/uploads\/bis-images\/739\/dscf8610-620x380-f50_50.jpg\" class=\"attachment-620x380\" alt=\"dscf8610\" loading=\"lazy\" \/><\/a><\/li><\/ul><\/div><div class=\"splide__arrows\"><button class=\"splide__arrow splide__arrow--prev\"><svg xmlns=\"http:\/\/www.w3.org\/2000\/svg\" width=\"15\" height=\"11.25\" viewBox=\"0 0 15 11.25\"><path d=\"M-2457.2-3425.987a.754.754,0,0,0,0-1.136l-3.788-3.449h11.1a.847.847,0,0,0,.883-.8.847.847,0,0,0-.883-.8h-11.1l3.787-3.449a.754.754,0,0,0,0-1.136.945.945,0,0,0-1.248,0l-5.293,4.821a.753.753,0,0,0,0,1.137l5.293,4.821a.927.927,0,0,0,.625.236A.927.927,0,0,0-2457.2-3425.987Z\" transform=\"translate(2464.001 3437.001)\" fill=\"currentColor\"\/><\/svg><\/button><button class=\"splide__arrow splide__arrow--next\"><svg xmlns=\"http:\/\/www.w3.org\/2000\/svg\" width=\"15\" height=\"11.25\" viewBox=\"0 0 15 11.25\"><path d=\"M-2455.8-3425.987a.754.754,0,0,1,0-1.136l3.788-3.449h-11.1a.847.847,0,0,1-.883-.8.847.847,0,0,1,.883-.8h11.1l-3.787-3.448a.754.754,0,0,1,0-1.136.945.945,0,0,1,1.248,0l5.293,4.821a.753.753,0,0,1,0,1.137l-5.293,4.821a.927.927,0,0,1-.625.236A.927.927,0,0,1-2455.8-3425.987Z\" transform=\"translate(2464.001 3437.001)\" fill=\"currentColor\"\/><\/svg><\/button><\/div><\/div><\/div><\/div><\/div>\n\n\n<p class=\"wp-el\">\u201eMul on v\u00e4ga hea meel, et just XIII noorte laulu- ja tantsupeo eel saame t\u00e4ita laulurahva ees ammuse lubaduse ning j\u00e4tkata traditsiooniga, mille kohaselt saab k\u00f5igi \u00fcldlaulupidude kollektiivide ning lauljate arv kivisse raiutud. Loodetavasti lisab see omajagu pidulikkust noorte peon\u00e4dalale,\u201c \u00fctles Tallinna Lauluv\u00e4ljaku juht&nbsp;<strong>Urmo Saareoja<\/strong>, \u201eootame juba saabuval n\u00e4dalavahetusel k\u00f5iki noorte laulupidu nautima ning ka vastvalminud alleed uudistama.\u201c<\/p>\n\n\n\n<p class=\"wp-el\">Allee paikneb M\u00e4e v\u00e4rava vahetus l\u00e4heduses ning viib jalutaja 1969. aastal rajatud laulupeom\u00fc\u00fcrini, millega t\u00e4histati 100 aasta m\u00f6\u00f6dumist I \u00fcldlaulupeost. M\u00fc\u00fcri kividesse on raiutud laulupidudel kollektiivide ning lauljate arv. 1994. aastal traditsioon katkes ning selle v\u00e4\u00e4rikaks j\u00e4tkamiseks \u00e4\u00e4ristavad alleed m\u00e4lestuskivid, millele on kantud p\u00e4rast 1994. aastat toimunud laulupidude info. Samuti on allee \u00e4\u00e4res istepingid p\u00fchendatud Eesti koorimuusika suurkujudele.<\/p>\n\n\n\n<p class=\"wp-el\">Allee rajamine on j\u00e4rjekordne etapp Lauluv\u00e4ljaku M\u00e4e ala uuendamisest, varem on valminud kohvik-paviljon \u201cAste\u201d ning installatsioon \u201cIlmaratas\u201d. Projekti maksumuseks on ca 60 000 eurot.<\/p>\n","protected":false},"excerpt":{"rendered":"<p>\u201eMul on v\u00e4ga hea meel, et just XIII noorte laulu- ja tantsupeo eel saame t\u00e4ita laulurahva ees ammuse lubaduse ning&#8230;<\/p>\n","protected":false},"author":1,"featured_media":741,"comment_status":"closed","ping_status":"closed","sticky":false,"template":"","format":"standard","meta":{"_acf_changed":false,"inline_featured_image":false,"footnotes":""},"categories":[2],"class_list":["post-4217","post","type-post","status-publish","format-standard","has-post-thumbnail","hentry","category-news"],"acf":[],"_links":{"self":[{"href":"https:\/\/www.lauluvaljak.ee\/en\/wp-json\/wp\/v2\/posts\/4217","targetHints":{"allow":["GET"]}}],"collection":[{"href":"https:\/\/www.lauluvaljak.ee\/en\/wp-json\/wp\/v2\/posts"}],"about":[{"href":"https:\/\/www.lauluvaljak.ee\/en\/wp-json\/wp\/v2\/types\/post"}],"author":[{"embeddable":true,"href":"https:\/\/www.lauluvaljak.ee\/en\/wp-json\/wp\/v2\/users\/1"}],"replies":[{"embeddable":true,"href":"https:\/\/www.lauluvaljak.ee\/en\/wp-json\/wp\/v2\/comments?post=4217"}],"version-history":[{"count":0,"href":"https:\/\/www.lauluvaljak.ee\/en\/wp-json\/wp\/v2\/posts\/4217\/revisions"}],"wp:featuredmedia":[{"embeddable":true,"href":"https:\/\/www.lauluvaljak.ee\/en\/wp-json\/wp\/v2\/media\/741"}],"wp:attachment":[{"href":"https:\/\/www.lauluvaljak.ee\/en\/wp-json\/wp\/v2\/media?parent=4217"}],"wp:term":[{"taxonomy":"category","embeddable":true,"href":"https:\/\/www.lauluvaljak.ee\/en\/wp-json\/wp\/v2\/categories?post=4217"}],"curies":[{"name":"wp","href":"https:\/\/api.w.org\/{rel}","templated":true}]}}