{"id":4215,"date":"2025-05-01T21:59:38","date_gmt":"2025-05-01T18:59:38","guid":{"rendered":"https:\/\/www.lauluvaljak.ee\/uncategorized\/malevlased-andsid-lauluvaljaku-aiale-uue-kuue\/"},"modified":"2025-05-01T21:59:38","modified_gmt":"2025-05-01T18:59:38","slug":"malevlased-andsid-lauluvaljaku-aiale-uue-kuue","status":"publish","type":"post","link":"https:\/\/www.lauluvaljak.ee\/en\/news\/malevlased-andsid-lauluvaljaku-aiale-uue-kuue\/","title":{"rendered":"Malevlased andsid lauluv\u00e4ljaku aiale uue kuue"},"content":{"rendered":"<div class=\"ama-block block-txtmedia\"><div class=\"block__body\"><div class=\"body__content\">\n\n<p class=\"has-semi-large-font-size wp-el\"><strong>XIII noorte laulupeo eel ning j\u00e4rel toimetavad Tallinna lauluv\u00e4ljakul 15 usinat malevlast, kelle tehtud t\u00f6\u00f6 tulemusi n\u00e4gid juba k\u00fcmned tuhanded lauljad ja k\u00fclastajad. Lauluv\u00e4ljaku ala piirav metallaed sai uue v\u00e4rvkatte just malevlaste k\u00e4e all.&nbsp;<\/strong><\/p>\n\n\n\n<p class=\"wp-el\">Tallinna \u00d5pilasmaleva juhataja K\u00fclli Tatter t\u00f5deb, et Lauluv\u00e4ljaku r\u00fchm on noorte seas v\u00e4ga populaarne ja t\u00e4itub vaid loetud minutitega. \u201eOleme v\u00e4ga t\u00e4nulikult Lauluv\u00e4ljakule, kes juba mitmendat aastat j\u00e4rjest noori t\u00f6\u00f6le v\u00f5tab,\u201d s\u00f5nas Tatter. \u201eMalevlasi innustavad ja motiveerivad meie tublid r\u00fchmajuhid, kellega k\u00e4ib Lauluv\u00e4ljakul t\u00f6\u00f6 ja l\u00f5bu koos.\u201d<\/p>\n\n<\/div><div class=\"body__media\"><div class=\"splide\" data-splide={\"type\":\"fade\",\"pagination\":false}><div class=\"splide__track\"><ul class=\"splide__list\"><li class=\"splide__slide\"><a href=\"https:\/\/www.lauluvaljak.ee\/wp-content\/uploads\/2025\/05\/malevlased_2023_laulukaar-1280x853.jpg\" data-fancybox=\"txtmedia-block_0f7810ec9a0adf7ff70c7a64675465a9\"><img decoding=\"async\" width=\"620\" height=\"380\" src=\"https:\/\/www.lauluvaljak.ee\/wp-content\/uploads\/bis-images\/749\/malevlased_2023_laulukaar-620x380-f50_50.jpg\" class=\"attachment-620x380\" alt=\"malevlased_2023_laulukaar\" loading=\"lazy\" \/><\/a><\/li><\/ul><\/div><div class=\"splide__arrows hide-arrows\"><div class=\"splide__arrows\"><button class=\"splide__arrow splide__arrow--prev\"><svg xmlns=\"http:\/\/www.w3.org\/2000\/svg\" width=\"15\" height=\"11.25\" viewBox=\"0 0 15 11.25\"><path d=\"M-2457.2-3425.987a.754.754,0,0,0,0-1.136l-3.788-3.449h11.1a.847.847,0,0,0,.883-.8.847.847,0,0,0-.883-.8h-11.1l3.787-3.449a.754.754,0,0,0,0-1.136.945.945,0,0,0-1.248,0l-5.293,4.821a.753.753,0,0,0,0,1.137l5.293,4.821a.927.927,0,0,0,.625.236A.927.927,0,0,0-2457.2-3425.987Z\" transform=\"translate(2464.001 3437.001)\" fill=\"currentColor\"\/><\/svg><\/button><button class=\"splide__arrow splide__arrow--next\"><svg xmlns=\"http:\/\/www.w3.org\/2000\/svg\" width=\"15\" height=\"11.25\" viewBox=\"0 0 15 11.25\"><path d=\"M-2455.8-3425.987a.754.754,0,0,1,0-1.136l3.788-3.449h-11.1a.847.847,0,0,1-.883-.8.847.847,0,0,1,.883-.8h11.1l-3.787-3.448a.754.754,0,0,1,0-1.136.945.945,0,0,1,1.248,0l5.293,4.821a.753.753,0,0,1,0,1.137l-5.293,4.821a.927.927,0,0,1-.625.236A.927.927,0,0,1-2455.8-3425.987Z\" transform=\"translate(2464.001 3437.001)\" fill=\"currentColor\"\/><\/svg><\/button><\/div><\/div><\/div><\/div><\/div><\/div>\n\n\n<p class=\"wp-el\">Tallinna lauluv\u00e4ljaku juhataja Urmo Saareoja s\u00f5nul on 23 hektarilisel alal on iga abik\u00e4si suure v\u00e4\u00e4rtusega. \u201eLauluv\u00e4ljaku ala on suur ja eriilmeline ning selle korras hoidmine t\u00e4hendab pidevat t\u00f6\u00f6d. Oleme juba aastaid koost\u00f6\u00f6d teinud \u00f5pilasmalevaga, et aidata kujundada noortes t\u00f6\u00f6harjumust ning neile n\u00e4idata, millega tuleb lauluv\u00e4ljakul igap\u00e4evaselt tegeleda. Avaldan t\u00e4nu meie partnerile Akzo Nobelile, kes aitab seda projekti toetada. \u00a0<br>\u00a0<br>\u201eMeile on juba auasjaks toetada Tallinna Lauluv\u00e4ljakut ning koost\u00f6\u00f6d noortega, et ka j\u00e4rgnevatel p\u00f5lvedel tekiks oma isiklik side selle Eestile nii t\u00e4htsa paigaga,\u201c Akzo Nobel Baltics AS juhatuse esimees Elena Past.<br>\u00a0<br>15-liikmeline \u00f5pilasmaleva r\u00fchm t\u00f6\u00f6tab Tallinna Lauluv\u00e4ljakul perioodil 26.06 &#8211; 07.07.2023.\u00a0<br>Projekti koost\u00f6\u00f6partneriks on Akzo Nobel Baltics, kes varustab malevanoored t\u00f6\u00f6vahendite ning Hammerite metallaia v\u00e4rviga.<\/p>\n","protected":false},"excerpt":{"rendered":"<p>Tallinna lauluv\u00e4ljaku juhataja Urmo Saareoja s\u00f5nul on 23 hektarilisel alal on iga abik\u00e4si suure v\u00e4\u00e4rtusega. \u201eLauluv\u00e4ljaku ala on suur ja&#8230;<\/p>\n","protected":false},"author":1,"featured_media":749,"comment_status":"closed","ping_status":"closed","sticky":false,"template":"","format":"standard","meta":{"_acf_changed":false,"inline_featured_image":false,"footnotes":""},"categories":[2],"class_list":["post-4215","post","type-post","status-publish","format-standard","has-post-thumbnail","hentry","category-news"],"acf":[],"_links":{"self":[{"href":"https:\/\/www.lauluvaljak.ee\/en\/wp-json\/wp\/v2\/posts\/4215","targetHints":{"allow":["GET"]}}],"collection":[{"href":"https:\/\/www.lauluvaljak.ee\/en\/wp-json\/wp\/v2\/posts"}],"about":[{"href":"https:\/\/www.lauluvaljak.ee\/en\/wp-json\/wp\/v2\/types\/post"}],"author":[{"embeddable":true,"href":"https:\/\/www.lauluvaljak.ee\/en\/wp-json\/wp\/v2\/users\/1"}],"replies":[{"embeddable":true,"href":"https:\/\/www.lauluvaljak.ee\/en\/wp-json\/wp\/v2\/comments?post=4215"}],"version-history":[{"count":0,"href":"https:\/\/www.lauluvaljak.ee\/en\/wp-json\/wp\/v2\/posts\/4215\/revisions"}],"wp:featuredmedia":[{"embeddable":true,"href":"https:\/\/www.lauluvaljak.ee\/en\/wp-json\/wp\/v2\/media\/749"}],"wp:attachment":[{"href":"https:\/\/www.lauluvaljak.ee\/en\/wp-json\/wp\/v2\/media?parent=4215"}],"wp:term":[{"taxonomy":"category","embeddable":true,"href":"https:\/\/www.lauluvaljak.ee\/en\/wp-json\/wp\/v2\/categories?post=4215"}],"curies":[{"name":"wp","href":"https:\/\/api.w.org\/{rel}","templated":true}]}}