{"id":4214,"date":"2025-05-01T21:59:40","date_gmt":"2025-05-01T18:59:40","guid":{"rendered":"https:\/\/www.lauluvaljak.ee\/uncategorized\/ala-labimisel-esineb-piiranguid-07-07-09-07\/"},"modified":"2025-05-01T21:59:40","modified_gmt":"2025-05-01T18:59:40","slug":"ala-labimisel-esineb-piiranguid-07-07-09-07","status":"publish","type":"post","link":"https:\/\/www.lauluvaljak.ee\/en\/news\/ala-labimisel-esineb-piiranguid-07-07-09-07\/","title":{"rendered":"Ala l\u00e4bimisel esineb piiranguid 07.07-09.07"},"content":{"rendered":"\n<p class=\"wp-el\">Seoses 8. juulil toimuva Tallinn Truck Show 2023 \u00fcritusega esineb Tallinna Lauluv\u00e4ljaku alal piiranguid.<br>&nbsp;<br>\u274c Mere ala on suletud 07.07 kl 9.00 &#8211; 09.07 kl 12.00. L\u00e4bip\u00e4\u00e4suks soovitame kasutada Oru jalgv\u00e4ravat, M\u00e4e ja n\u00e4ituste poolseid v\u00e4ravaid..<br>&nbsp;<br>\u274c \u00dcrituse toimumise p\u00e4eval laup\u00e4eval 8. juulil kell 9.00 &#8211; 23.00 on terve Tallinna Lauluv\u00e4ljaku ala l\u00e4bip\u00e4\u00e4suks suletud.<br>&nbsp;<br>Vaata \u00fcritusest l\u00e4hemalt&nbsp;<a href=\"https:\/\/foreststeel.ee\/tallinn-truck-show-2023\/\" target=\"_blank\" rel=\"noopener\">SIIN<\/a>.<\/p>\n\n\n\n<p class=\"wp-el\"><sup><sub>Published 03.07.2023<\/sub><\/sup><\/p>\n","protected":false},"excerpt":{"rendered":"<p>Seoses 8. juulil toimuva Tallinn Truck Show 2023 \u00fcritusega esineb Tallinna Lauluv\u00e4ljaku alal piiranguid.&nbsp;\u274c Mere ala on suletud 07.07 kl&#8230;<\/p>\n","protected":false},"author":1,"featured_media":751,"comment_status":"closed","ping_status":"closed","sticky":false,"template":"","format":"standard","meta":{"_acf_changed":false,"inline_featured_image":false,"footnotes":""},"categories":[2],"class_list":["post-4214","post","type-post","status-publish","format-standard","has-post-thumbnail","hentry","category-news"],"acf":[],"_links":{"self":[{"href":"https:\/\/www.lauluvaljak.ee\/en\/wp-json\/wp\/v2\/posts\/4214","targetHints":{"allow":["GET"]}}],"collection":[{"href":"https:\/\/www.lauluvaljak.ee\/en\/wp-json\/wp\/v2\/posts"}],"about":[{"href":"https:\/\/www.lauluvaljak.ee\/en\/wp-json\/wp\/v2\/types\/post"}],"author":[{"embeddable":true,"href":"https:\/\/www.lauluvaljak.ee\/en\/wp-json\/wp\/v2\/users\/1"}],"replies":[{"embeddable":true,"href":"https:\/\/www.lauluvaljak.ee\/en\/wp-json\/wp\/v2\/comments?post=4214"}],"version-history":[{"count":0,"href":"https:\/\/www.lauluvaljak.ee\/en\/wp-json\/wp\/v2\/posts\/4214\/revisions"}],"wp:featuredmedia":[{"embeddable":true,"href":"https:\/\/www.lauluvaljak.ee\/en\/wp-json\/wp\/v2\/media\/751"}],"wp:attachment":[{"href":"https:\/\/www.lauluvaljak.ee\/en\/wp-json\/wp\/v2\/media?parent=4214"}],"wp:term":[{"taxonomy":"category","embeddable":true,"href":"https:\/\/www.lauluvaljak.ee\/en\/wp-json\/wp\/v2\/categories?post=4214"}],"curies":[{"name":"wp","href":"https:\/\/api.w.org\/{rel}","templated":true}]}}