{"id":4205,"date":"2025-05-01T22:00:07","date_gmt":"2025-05-01T19:00:07","guid":{"rendered":"https:\/\/www.lauluvaljak.ee\/uncategorized\/tallinna-lauluvaljak-otsib-alale-rentnikku\/"},"modified":"2025-05-01T22:00:07","modified_gmt":"2025-05-01T19:00:07","slug":"tallinna-lauluvaljak-otsib-alale-rentnikku","status":"publish","type":"post","link":"https:\/\/www.lauluvaljak.ee\/en\/news\/tallinna-lauluvaljak-otsib-alale-rentnikku\/","title":{"rendered":"Tallinna Lauluv\u00e4ljak otsib alale rentnikku"},"content":{"rendered":"<div class=\"ama-block block-txtmedia\"><div class=\"block__body\"><div class=\"body__content\">\n\n<p class=\"has-semi-large-font-size wp-el\">Tallinna Lauluv\u00e4ljak otsib rentnikku, kelle eestvedamisel toimuks alal pargik\u00fclastajatele sobiv huvitegevus.<\/p>\n\n\n\n<p class=\"wp-el\">Eesm\u00e4rk on, et koost\u00f6\u00f6partner v\u00f5tab kevad-suvi-s\u00fcgiseseks perioodiks rendile Lauluv\u00e4ljaku ala, \u201cRohelise\u201d maja ning soovi korral M\u00e4e v\u00e4rava l\u00e4hedal asuva paviljon &#8220;Aste&#8221; kasutuse. NB: V\u00f5imaldame ka pelgalt \u201cAstme\u201d renti, mis sobib ideaalselt kaubanduseks M\u00e4e alal, kus suvisel perioodil saabuvad igap\u00e4evaselt turismigrupid.<\/p>\n\n<\/div><div class=\"body__media\"><div class=\"splide\" data-splide={\"type\":\"fade\",\"pagination\":false}><div class=\"splide__track\"><ul class=\"splide__list\"><li class=\"splide__slide\"><a href=\"https:\/\/www.lauluvaljak.ee\/wp-content\/uploads\/2025\/05\/dsc_7561-1-1280x855.jpg\" data-fancybox=\"txtmedia-block_69f6136eb8769442dcf3ab30db2c189e\"><img decoding=\"async\" width=\"620\" height=\"380\" src=\"https:\/\/www.lauluvaljak.ee\/wp-content\/uploads\/bis-images\/811\/dsc_7561-1-620x380-f50_50.jpg\" class=\"attachment-620x380\" alt=\"dsc_7561 (1)\" loading=\"lazy\" \/><\/a><\/li><li class=\"splide__slide\"><a href=\"https:\/\/www.lauluvaljak.ee\/wp-content\/uploads\/2025\/05\/aste_-1280x853.jpg\" data-fancybox=\"txtmedia-block_69f6136eb8769442dcf3ab30db2c189e\"><img decoding=\"async\" width=\"620\" height=\"380\" src=\"https:\/\/www.lauluvaljak.ee\/wp-content\/uploads\/bis-images\/809\/aste_-620x380-f50_50.jpg\" class=\"attachment-620x380\" alt=\"aste_\" loading=\"lazy\" \/><\/a><\/li><li class=\"splide__slide\"><a href=\"https:\/\/www.lauluvaljak.ee\/wp-content\/uploads\/2025\/05\/kogu_ala_plaan-1280x866.png\" data-fancybox=\"txtmedia-block_69f6136eb8769442dcf3ab30db2c189e\"><img decoding=\"async\" width=\"620\" height=\"380\" src=\"https:\/\/www.lauluvaljak.ee\/wp-content\/uploads\/bis-images\/807\/kogu_ala_plaan-620x380-f50_50.png\" class=\"attachment-620x380\" alt=\"kogu_ala_plaan\" loading=\"lazy\" \/><\/a><\/li><\/ul><\/div><div class=\"splide__arrows\"><button class=\"splide__arrow splide__arrow--prev\"><svg xmlns=\"http:\/\/www.w3.org\/2000\/svg\" width=\"15\" height=\"11.25\" viewBox=\"0 0 15 11.25\"><path d=\"M-2457.2-3425.987a.754.754,0,0,0,0-1.136l-3.788-3.449h11.1a.847.847,0,0,0,.883-.8.847.847,0,0,0-.883-.8h-11.1l3.787-3.449a.754.754,0,0,0,0-1.136.945.945,0,0,0-1.248,0l-5.293,4.821a.753.753,0,0,0,0,1.137l5.293,4.821a.927.927,0,0,0,.625.236A.927.927,0,0,0-2457.2-3425.987Z\" transform=\"translate(2464.001 3437.001)\" fill=\"currentColor\"\/><\/svg><\/button><button class=\"splide__arrow splide__arrow--next\"><svg xmlns=\"http:\/\/www.w3.org\/2000\/svg\" width=\"15\" height=\"11.25\" viewBox=\"0 0 15 11.25\"><path d=\"M-2455.8-3425.987a.754.754,0,0,1,0-1.136l3.788-3.449h-11.1a.847.847,0,0,1-.883-.8.847.847,0,0,1,.883-.8h11.1l-3.787-3.448a.754.754,0,0,1,0-1.136.945.945,0,0,1,1.248,0l5.293,4.821a.753.753,0,0,1,0,1.137l-5.293,4.821a.927.927,0,0,1-.625.236A.927.927,0,0,1-2455.8-3425.987Z\" transform=\"translate(2464.001 3437.001)\" fill=\"currentColor\"\/><\/svg><\/button><\/div><\/div><\/div><\/div><\/div>\n\n\n<p class=\"wp-el\">Tallinna\u00a0Lauluv\u00e4ljaku alal on varasemalt olnud discgolfi rajad, kuid oodatud on k\u00f5ik lahendused: harrastusport, treeningud, linnalaagrid, kaubandus, muud huvitegevused.<br>\u00a0\u00a0<br>Ala tarbeks tuleb vajalikud seadmed ja infra soetada\/organiseerida koost\u00f6\u00f6partneril (ehk ala rentijal) endal. Koost\u00f6\u00f6partneri\/rentija kohustuseks on tagada alal turvalisus, pargi haljastuse ja kasutajate heaolu. Eeldame, et koost\u00f6\u00f6partner omab pakutud ala kasutuse teemas ka varasemat kogemust.<br>\u00a0\u00a0<br><strong>Konkursil osalemise tingimuseks<\/strong>\u00a0on p\u00f5hjaliku tegevuskava esitamine (\u00e4rimudeli l\u00fchikirjeldus &#8211; tooted, teenused, millal ja mis kell avatud jne) ning ning v\u00e4liala kasutamisel\u00a0vajaliku pargik\u00fclastajate turvalisuse ja pargi haljastuse heaolu tagamise kava.<br>\u00a0\u00a0<br>Konkursi v\u00f5itjaga s\u00f5lmitakse hooajaline leping. Lepingu pikkus ja t\u00e4psemad tingimused selgitatakse v\u00e4lja l\u00e4bir\u00e4\u00e4kimiste k\u00e4igus. SA Tallinna Lauluv\u00e4ljak ei toeta rahaliselt.<br>\u00a0\u00a0<br>Huvi korral tuleb endast m\u00e4rku anda hiljemalt 22. aprilliks 2024 kirjutades e-postile\u00a0<a href=\"mailto:info@lauluvaljak.ee\">info@lauluvaljak.ee<\/a>. K\u00f5ik t\u00e4iendavad k\u00fcsimused v\u00f5i ala k\u00fclastussoovid v\u00f5ite esitada\u00a0<a href=\"mailto:info@lauluvaljak.ee\">info@lauluvaljak.ee<\/a>.\u00a0V\u00f5tame k\u00f5ikide kandideerijatega \u00fchendust ning kuulutame konkursi v\u00f5itja v\u00e4lja avalikult hiljemalt mai alguseks.\u00a0<\/p>\n","protected":false},"excerpt":{"rendered":"<p>Tallinna\u00a0Lauluv\u00e4ljaku alal on varasemalt olnud discgolfi rajad, kuid oodatud on k\u00f5ik lahendused: harrastusport, treeningud, linnalaagrid, kaubandus, muud huvitegevused.\u00a0\u00a0Ala tarbeks tuleb&#8230;<\/p>\n","protected":false},"author":1,"featured_media":813,"comment_status":"closed","ping_status":"closed","sticky":false,"template":"","format":"standard","meta":{"_acf_changed":false,"inline_featured_image":false,"footnotes":""},"categories":[2],"class_list":["post-4205","post","type-post","status-publish","format-standard","has-post-thumbnail","hentry","category-news"],"acf":[],"_links":{"self":[{"href":"https:\/\/www.lauluvaljak.ee\/en\/wp-json\/wp\/v2\/posts\/4205","targetHints":{"allow":["GET"]}}],"collection":[{"href":"https:\/\/www.lauluvaljak.ee\/en\/wp-json\/wp\/v2\/posts"}],"about":[{"href":"https:\/\/www.lauluvaljak.ee\/en\/wp-json\/wp\/v2\/types\/post"}],"author":[{"embeddable":true,"href":"https:\/\/www.lauluvaljak.ee\/en\/wp-json\/wp\/v2\/users\/1"}],"replies":[{"embeddable":true,"href":"https:\/\/www.lauluvaljak.ee\/en\/wp-json\/wp\/v2\/comments?post=4205"}],"version-history":[{"count":0,"href":"https:\/\/www.lauluvaljak.ee\/en\/wp-json\/wp\/v2\/posts\/4205\/revisions"}],"wp:featuredmedia":[{"embeddable":true,"href":"https:\/\/www.lauluvaljak.ee\/en\/wp-json\/wp\/v2\/media\/813"}],"wp:attachment":[{"href":"https:\/\/www.lauluvaljak.ee\/en\/wp-json\/wp\/v2\/media?parent=4205"}],"wp:term":[{"taxonomy":"category","embeddable":true,"href":"https:\/\/www.lauluvaljak.ee\/en\/wp-json\/wp\/v2\/categories?post=4205"}],"curies":[{"name":"wp","href":"https:\/\/api.w.org\/{rel}","templated":true}]}}