{"id":4204,"date":"2025-05-01T22:00:10","date_gmt":"2025-05-01T19:00:10","guid":{"rendered":"https:\/\/www.lauluvaljak.ee\/uncategorized\/lauluvaljak-otsib-kommunikatsioonispetsialisti\/"},"modified":"2025-05-01T22:00:10","modified_gmt":"2025-05-01T19:00:10","slug":"lauluvaljak-otsib-kommunikatsioonispetsialisti","status":"publish","type":"post","link":"https:\/\/www.lauluvaljak.ee\/en\/news\/lauluvaljak-otsib-kommunikatsioonispetsialisti\/","title":{"rendered":"Lauluv\u00e4ljak otsib kommunikatsioonispetsialisti"},"content":{"rendered":"<div class=\"ama-block block-txtmedia\"><div class=\"block__body\"><div class=\"body__content\">\n\n<p class=\"has-semi-large-font-size wp-el\">Lauluv\u00e4ljak vajab Sind &#8211; Kommunikatsioonispetsialist<\/p>\n\n\n\n<p class=\"wp-el\">Laulupidu, Armin van Buuren, The Prodigy, \u00d5llesummer, Euroopa suurim discgolfi festival ja paljud teised \u2013 k\u00f5ik nad vajavad Sinu toetust juba sel aastal, et kontsert ja s\u00fcndmus Lauluv\u00e4ljakul edukaks ja meeldej\u00e4\u00e4vaks muuta! Kui tunned, et just Sina oled see, kes suudab neid lugusid maailmaga jagada, siis ootame Sind oma meeskonda!<\/p>\n\n<\/div><div class=\"body__media\"><div class=\"splide\" data-splide={\"type\":\"fade\",\"pagination\":false}><div class=\"splide__track\"><ul class=\"splide__list\"><li class=\"splide__slide\"><a href=\"https:\/\/www.lauluvaljak.ee\/wp-content\/uploads\/2025\/05\/the_weeked-1280x816.jpg\" data-fancybox=\"txtmedia-block_633396dee77ea00f3d58b620a54b1926\"><img decoding=\"async\" width=\"620\" height=\"380\" src=\"https:\/\/www.lauluvaljak.ee\/wp-content\/uploads\/bis-images\/815\/the_weeked-620x380-f50_50.jpg\" class=\"attachment-620x380\" alt=\"the_weeked\" loading=\"lazy\" \/><\/a><\/li><\/ul><\/div><div class=\"splide__arrows hide-arrows\"><div class=\"splide__arrows\"><button class=\"splide__arrow splide__arrow--prev\"><svg xmlns=\"http:\/\/www.w3.org\/2000\/svg\" width=\"15\" height=\"11.25\" viewBox=\"0 0 15 11.25\"><path d=\"M-2457.2-3425.987a.754.754,0,0,0,0-1.136l-3.788-3.449h11.1a.847.847,0,0,0,.883-.8.847.847,0,0,0-.883-.8h-11.1l3.787-3.449a.754.754,0,0,0,0-1.136.945.945,0,0,0-1.248,0l-5.293,4.821a.753.753,0,0,0,0,1.137l5.293,4.821a.927.927,0,0,0,.625.236A.927.927,0,0,0-2457.2-3425.987Z\" transform=\"translate(2464.001 3437.001)\" fill=\"currentColor\"\/><\/svg><\/button><button class=\"splide__arrow splide__arrow--next\"><svg xmlns=\"http:\/\/www.w3.org\/2000\/svg\" width=\"15\" height=\"11.25\" viewBox=\"0 0 15 11.25\"><path d=\"M-2455.8-3425.987a.754.754,0,0,1,0-1.136l3.788-3.449h-11.1a.847.847,0,0,1-.883-.8.847.847,0,0,1,.883-.8h11.1l-3.787-3.448a.754.754,0,0,1,0-1.136.945.945,0,0,1,1.248,0l5.293,4.821a.753.753,0,0,1,0,1.137l-5.293,4.821a.927.927,0,0,1-.625.236A.927.927,0,0,1-2455.8-3425.987Z\" transform=\"translate(2464.001 3437.001)\" fill=\"currentColor\"\/><\/svg><\/button><\/div><\/div><\/div><\/div><\/div><\/div>\n\n\n<h2 class=\"wp-block-heading wp-el\">Mida teeb kommunikatsioonispetsialist?<\/h2>\n\n\n\n<p class=\"wp-el\">Tallinna Lauluv\u00e4ljaku kommunikatsioonispetsialist on v\u00f5tmeisik, kes kujundab ja hoiab meie kuvandit. Sinu t\u00f6\u00f6 on tagada, et k\u00f5ik olulised s\u00fcndmused ja hetked j\u00f5uavad \u00f5igeaegselt ja m\u00f5juvalt sihtr\u00fchmani.<\/p>\n\n\n\n<p class=\"wp-el\">Sinu peamised \u00fclesanded:<\/p>\n\n\n\n<ul class=\"wp-block-list wp-el\">\n<li>Sisutekstide toimetamine ja \u00fclevaatamine<\/li>\n\n\n\n<li>Kommunikatsiooniplaani koostamine<\/li>\n\n\n\n<li>Meediastrateegiate v\u00e4ljat\u00f6\u00f6tamine<\/li>\n\n\n\n<li>Sotsiaalmeediapostituste loomine ja haldamine<\/li>\n\n\n\n<li>S\u00fcndmuste ja kampaaniate kommunikatsiooni koordineerimine<\/li>\n\n\n\n<li>Koost\u00f6\u00f6 meedia ja partneritega<\/li>\n<\/ul>\n\n\n\n<h2 class=\"wp-block-heading wp-el\">Mida me Sinult ootame?<\/h2>\n\n\n\n<p class=\"wp-el\">\u2022 P\u00f5hjalikke teadmisi sotsiaalmeedia ja turunduskommunikatsiooni valdkonnast<br>\u2022 V\u00e4ga head v\u00e4ljendus- ja suhtlemisoskust<br>\u2022 Planeerimis- ja organiseerimisoskust<br>\u2022 Oskust kasutada sisuhaldusplatvormi Drupal v\u00f5i valmisolekut seda \u00f5ppida<br>\u2022 Valmidust t\u00f6\u00f6tada ka \u00f5htuti ja n\u00e4dalavahetustel vastavalt s\u00fcndmustele<br>\u2022 V\u00e4ga head eesti keele oskust ja head inglise keele oskust<\/p>\n\n\n\n<h2 class=\"wp-block-heading wp-el\">Sulle tuleb kasuks<\/h2>\n\n\n\n<ul class=\"wp-block-list wp-el\">\n<li>Varasem kogemus kommunikatsiooni v\u00f5i turunduse valdkonnas<\/li>\n\n\n\n<li>Oskus kasutada erinevaid pildi- ja tekstit\u00f6\u00f6tlusprogramme<\/li>\n<\/ul>\n\n\n\n<h2 class=\"wp-block-heading wp-el\">Mida Tallinna Lauluv\u00e4ljak pakub?<\/h2>\n\n\n\n<ul class=\"wp-block-list wp-el\">\n<li>P\u00f5nevat ja vaheldusrikast t\u00f6\u00f6d Eesti suurimas vaba\u00f5hu\u00fcrituste keskuses<\/li>\n\n\n\n<li>Inspireerivat ja ajaloolist t\u00f6\u00f6keskkonda<\/li>\n\n\n\n<li>V\u00f5imalust olla osa maailmatasemel s\u00fcndmustest<\/li>\n\n\n\n<li>Rahvusvahelist suhtlust ja koost\u00f6\u00f6d<\/li>\n\n\n\n<li>S\u00f5bralikku ja toetavat kollektiivi<\/li>\n\n\n\n<li>Paindlikku t\u00f6\u00f6aega osakoormusega t\u00f6\u00f6 korral<\/li>\n\n\n\n<li>Osalist kaugt\u00f6\u00f6 v\u00f5imalust<\/li>\n<\/ul>\n\n\n\n<p class=\"wp-el\">Kui Sa tundsid, et see t\u00f6\u00f6 on just Sinu jaoks, siis ootame Sinu CV-d ja l\u00fchikest motivatsioonikirja hiljemalt&nbsp;<strong>10.05.2024<\/strong>&nbsp;e-posti aadressile&nbsp;<a href=\"mailto:signe@lauluvaljak.ee\">signe@lauluvaljak.ee<\/a>&nbsp;m\u00e4rks\u00f5naga \u201eKommunikatsioon\u201c.<\/p>\n\n\n\n<p class=\"wp-el\">Lisak\u00fcsimused t\u00f6\u00f6 sisu osas on oodatud samale aadressile.<\/p>\n","protected":false},"excerpt":{"rendered":"<p>Mida teeb kommunikatsioonispetsialist? Tallinna Lauluv\u00e4ljaku kommunikatsioonispetsialist on v\u00f5tmeisik, kes kujundab ja hoiab meie kuvandit. Sinu t\u00f6\u00f6 on tagada, et k\u00f5ik&#8230;<\/p>\n","protected":false},"author":1,"featured_media":815,"comment_status":"closed","ping_status":"closed","sticky":false,"template":"","format":"standard","meta":{"_acf_changed":false,"inline_featured_image":false,"footnotes":""},"categories":[2],"class_list":["post-4204","post","type-post","status-publish","format-standard","has-post-thumbnail","hentry","category-news"],"acf":[],"_links":{"self":[{"href":"https:\/\/www.lauluvaljak.ee\/en\/wp-json\/wp\/v2\/posts\/4204","targetHints":{"allow":["GET"]}}],"collection":[{"href":"https:\/\/www.lauluvaljak.ee\/en\/wp-json\/wp\/v2\/posts"}],"about":[{"href":"https:\/\/www.lauluvaljak.ee\/en\/wp-json\/wp\/v2\/types\/post"}],"author":[{"embeddable":true,"href":"https:\/\/www.lauluvaljak.ee\/en\/wp-json\/wp\/v2\/users\/1"}],"replies":[{"embeddable":true,"href":"https:\/\/www.lauluvaljak.ee\/en\/wp-json\/wp\/v2\/comments?post=4204"}],"version-history":[{"count":0,"href":"https:\/\/www.lauluvaljak.ee\/en\/wp-json\/wp\/v2\/posts\/4204\/revisions"}],"wp:featuredmedia":[{"embeddable":true,"href":"https:\/\/www.lauluvaljak.ee\/en\/wp-json\/wp\/v2\/media\/815"}],"wp:attachment":[{"href":"https:\/\/www.lauluvaljak.ee\/en\/wp-json\/wp\/v2\/media?parent=4204"}],"wp:term":[{"taxonomy":"category","embeddable":true,"href":"https:\/\/www.lauluvaljak.ee\/en\/wp-json\/wp\/v2\/categories?post=4204"}],"curies":[{"name":"wp","href":"https:\/\/api.w.org\/{rel}","templated":true}]}}