{"id":4203,"date":"2025-05-01T22:00:12","date_gmt":"2025-05-01T19:00:12","guid":{"rendered":"https:\/\/www.lauluvaljak.ee\/uncategorized\/avalik-discgolfi-rada-votab-vaheaasta\/"},"modified":"2025-05-01T22:00:12","modified_gmt":"2025-05-01T19:00:12","slug":"avalik-discgolfi-rada-votab-vaheaasta","status":"publish","type":"post","link":"https:\/\/www.lauluvaljak.ee\/en\/news\/avalik-discgolfi-rada-votab-vaheaasta\/","title":{"rendered":"Avalik discgolfi rada v\u00f5tab vaheaasta"},"content":{"rendered":"\n<p class=\"wp-el\">Lisaks suur\u00fcritustele on Tallinna Lauluv\u00e4ljaku pargialal olnud suviti avatud discgolfi rada. Kahjuks peame teatama, et sel aastal rada Lauluv\u00e4ljakul ei avata. Teeme vaheaasta, et anda meie 23-hektarilisele oaasile keset linna v\u00f5imalus taastuda ning tagada pargirahu. See on oluline samm, et s\u00e4ilitada meie pargi looduslik ilu ja mitmekesisus.<br>\u00a0<br>Vaheaasta annab meile v\u00f5imaluse m\u00f5testada ja t\u00f6\u00f6tada v\u00e4lja paremaid viise, kuidas pargiala tegevused v\u00f5iksid teenida nii jalutajaid, tervisesportlasi kui ka loodushuvililisi.<br>\u00a0<br>Loodame m\u00f5istvale suhtumisele ning kuigi statsionaarset discgolfi rada sel aastal meie alal ei ole, loodame, et leiate aega ja v\u00f5imalusi nautida teisi pargiala v\u00f5lusid ning \u00fcmbritsevat loodust.<\/p>\n","protected":false},"excerpt":{"rendered":"<p>Lisaks suur\u00fcritustele on Tallinna Lauluv\u00e4ljaku pargialal olnud suviti avatud discgolfi rada. Kahjuks peame teatama, et sel aastal rada Lauluv\u00e4ljakul ei&#8230;<\/p>\n","protected":false},"author":1,"featured_media":817,"comment_status":"closed","ping_status":"closed","sticky":false,"template":"","format":"standard","meta":{"_acf_changed":false,"inline_featured_image":false,"footnotes":""},"categories":[2],"class_list":["post-4203","post","type-post","status-publish","format-standard","has-post-thumbnail","hentry","category-news"],"acf":[],"_links":{"self":[{"href":"https:\/\/www.lauluvaljak.ee\/en\/wp-json\/wp\/v2\/posts\/4203","targetHints":{"allow":["GET"]}}],"collection":[{"href":"https:\/\/www.lauluvaljak.ee\/en\/wp-json\/wp\/v2\/posts"}],"about":[{"href":"https:\/\/www.lauluvaljak.ee\/en\/wp-json\/wp\/v2\/types\/post"}],"author":[{"embeddable":true,"href":"https:\/\/www.lauluvaljak.ee\/en\/wp-json\/wp\/v2\/users\/1"}],"replies":[{"embeddable":true,"href":"https:\/\/www.lauluvaljak.ee\/en\/wp-json\/wp\/v2\/comments?post=4203"}],"version-history":[{"count":0,"href":"https:\/\/www.lauluvaljak.ee\/en\/wp-json\/wp\/v2\/posts\/4203\/revisions"}],"wp:featuredmedia":[{"embeddable":true,"href":"https:\/\/www.lauluvaljak.ee\/en\/wp-json\/wp\/v2\/media\/817"}],"wp:attachment":[{"href":"https:\/\/www.lauluvaljak.ee\/en\/wp-json\/wp\/v2\/media?parent=4203"}],"wp:term":[{"taxonomy":"category","embeddable":true,"href":"https:\/\/www.lauluvaljak.ee\/en\/wp-json\/wp\/v2\/categories?post=4203"}],"curies":[{"name":"wp","href":"https:\/\/api.w.org\/{rel}","templated":true}]}}