{"id":4202,"date":"2025-05-01T22:00:16","date_gmt":"2025-05-01T19:00:16","guid":{"rendered":"https:\/\/www.lauluvaljak.ee\/uncategorized\/otsime-kahte-uut-saravat-kolleegi\/"},"modified":"2025-05-01T22:00:16","modified_gmt":"2025-05-01T19:00:16","slug":"otsime-kahte-uut-saravat-kolleegi","status":"publish","type":"post","link":"https:\/\/www.lauluvaljak.ee\/en\/news\/otsime-kahte-uut-saravat-kolleegi\/","title":{"rendered":"Otsime kahte uut s\u00e4ravat kolleegi!"},"content":{"rendered":"\n<p class=\"has-semi-large-font-size wp-el\">Kas otsid uusi v\u00e4ljakutseid ning tahad olla Tallinna Lauluv\u00e4ljakul toimuvate s\u00fcndmuste keskel? Tule meie meeskonda!<\/p>\n\n\n\n<p class=\"wp-el\"><strong>S\u00dcNDMUSTE PROJEKTIJUHT<\/strong><br>\u00a0<br>Laulupidu, Armin van Buuren, The Prodigy, \u00d5llesummer, Euroopa suurim discgolfi festival ja paljud teised \u2013 k\u00f5ik nad vajavad Sinu toetust ja abi, et kontsert ja s\u00fcndmus Lauluv\u00e4ljakul edukaks ja meeldej\u00e4\u00e4vaks muuta!<br>\u00a0<br>Lauluv\u00e4ljaku s\u00fcndmuste projektijuht on meie \u00fcks olulisemaid esindusisikuid, kellega kohtub meie klient ehk s\u00fcndmuse korraldaja k\u00f5ige esimesena. Seega, just Sina kujundad Lauluv\u00e4ljaku mainet ja hoolitsed selle eest, et meie klient oleks h\u00e4sti hoitud ning s\u00fcndmus kulgeks laitmatult. Lisav\u00e4\u00e4rtuseks on see, kui oled lihtsalt v\u00e4ga hea ja kirglik oma t\u00f6\u00f6s!<br>\u00a0<br>Kui Sa tundsid end \u00e4ra, siis ootame Sinu elulookirjeldust koos l\u00fchikese motivatsioonikirjaga\u00a0<a href=\"https:\/\/cv.ee\/et\/vacancy\/1186820\/\" target=\"_blank\" rel=\"noopener\"><strong>CV.ee keskkonnas SIIN<\/strong><\/a>\u00a0v\u00f5i m\u00e4rks\u00f5naga \u201cProjektijuht\u201d e-postile\u00a0<a href=\"mailto:signe@lauluvaljak.ee\">signe@lauluvaljak.ee<\/a>\u00a0<strong>hiljemalt 21.05.2024.<\/strong><\/p>\n\n\n\n<p class=\"wp-el\"><strong>OSAKOORMUSEGA TURUNDUS- JA KOMMUNIKATSIOONISPETSIALIST<\/strong><br>\u00a0<br>Lauluv\u00e4ljaku turundus- ja kommunikatsioonispetsialist on see, kellele ei j\u00e4\u00e4 m\u00e4rkamata \u00fckski huvitav ja kajastamist v\u00e4\u00e4riv s\u00fcndmus. L\u00e4bi Sinu pilgu saavad k\u00f5ik osa Lauluv\u00e4ljakul toimuvast. Seega, just Sinu k\u00e4ekirjaga saab olema Tallinna Lauluv\u00e4ljaku kuvand veebis ja sotsiaalmeedias. Lisav\u00e4\u00e4rtuseks on see, kui Sinus on t\u00fckike suunamudijat \u2013 oled lihtsalt v\u00e4ga hea ja kirglik oma t\u00f6\u00f6s!<br>\u00a0<br>Kui Sa tundsid end \u00e4ra, siis ootame Sinu elulookirjeldust koos l\u00fchikese motivatsioonikirjaga\u00a0<a href=\"https:\/\/cv.ee\/et\/vacancy\/1190483\/\" target=\"_blank\" rel=\"noopener\">CV.ee keskkonnas SIIN<\/a>\u00a0v\u00f5i m\u00e4rks\u00f5naga \u201cKommunikatsioon\u201d e-postile\u00a0<a href=\"mailto:signe@lauluvaljak.ee\">signe@lauluvaljak.ee<\/a>\u00a0hiljemalt 20.05.2024.\u00a0<\/p>\n\n\n\n<div class=\"wp-block-columns is-layout-flex wp-container-core-columns-is-layout-28f84493 wp-block-columns-is-layout-flex\">\n<div class=\"wp-block-column is-layout-flow wp-block-column-is-layout-flow\">\n<figure class=\"wp-block-image size-full wp-el\"><img loading=\"lazy\" decoding=\"async\" width=\"1080\" height=\"1080\" src=\"https:\/\/www.lauluvaljak.ee\/wp-content\/uploads\/2025\/05\/image-1.png\" alt=\"\" class=\"wp-image-818\" srcset=\"https:\/\/www.lauluvaljak.ee\/wp-content\/uploads\/2025\/05\/image-1.png 1080w, https:\/\/www.lauluvaljak.ee\/wp-content\/uploads\/2025\/05\/image-1-840x840.png 840w, https:\/\/www.lauluvaljak.ee\/wp-content\/uploads\/2025\/05\/image-1-614x614.png 614w\" sizes=\"auto, (max-width: 1080px) 100vw, 1080px\" \/><\/figure>\n<\/div>\n\n\n\n<div class=\"wp-block-column is-layout-flow wp-block-column-is-layout-flow\">\n<figure class=\"wp-block-image size-full wp-el\"><img loading=\"lazy\" decoding=\"async\" width=\"1080\" height=\"1080\" src=\"https:\/\/www.lauluvaljak.ee\/wp-content\/uploads\/2025\/05\/image-2.png\" alt=\"\" class=\"wp-image-820\" srcset=\"https:\/\/www.lauluvaljak.ee\/wp-content\/uploads\/2025\/05\/image-2.png 1080w, https:\/\/www.lauluvaljak.ee\/wp-content\/uploads\/2025\/05\/image-2-840x840.png 840w, https:\/\/www.lauluvaljak.ee\/wp-content\/uploads\/2025\/05\/image-2-614x614.png 614w\" sizes=\"auto, (max-width: 1080px) 100vw, 1080px\" \/><\/figure>\n<\/div>\n<\/div>\n","protected":false},"excerpt":{"rendered":"<p>Kas otsid uusi v\u00e4ljakutseid ning tahad olla Tallinna Lauluv\u00e4ljakul toimuvate s\u00fcndmuste keskel? Tule meie meeskonda! S\u00dcNDMUSTE PROJEKTIJUHT\u00a0Laulupidu, Armin van Buuren,&#8230;<\/p>\n","protected":false},"author":1,"featured_media":823,"comment_status":"closed","ping_status":"closed","sticky":false,"template":"","format":"standard","meta":{"_acf_changed":false,"inline_featured_image":false,"footnotes":""},"categories":[2],"class_list":["post-4202","post","type-post","status-publish","format-standard","has-post-thumbnail","hentry","category-news"],"acf":[],"_links":{"self":[{"href":"https:\/\/www.lauluvaljak.ee\/en\/wp-json\/wp\/v2\/posts\/4202","targetHints":{"allow":["GET"]}}],"collection":[{"href":"https:\/\/www.lauluvaljak.ee\/en\/wp-json\/wp\/v2\/posts"}],"about":[{"href":"https:\/\/www.lauluvaljak.ee\/en\/wp-json\/wp\/v2\/types\/post"}],"author":[{"embeddable":true,"href":"https:\/\/www.lauluvaljak.ee\/en\/wp-json\/wp\/v2\/users\/1"}],"replies":[{"embeddable":true,"href":"https:\/\/www.lauluvaljak.ee\/en\/wp-json\/wp\/v2\/comments?post=4202"}],"version-history":[{"count":0,"href":"https:\/\/www.lauluvaljak.ee\/en\/wp-json\/wp\/v2\/posts\/4202\/revisions"}],"wp:featuredmedia":[{"embeddable":true,"href":"https:\/\/www.lauluvaljak.ee\/en\/wp-json\/wp\/v2\/media\/823"}],"wp:attachment":[{"href":"https:\/\/www.lauluvaljak.ee\/en\/wp-json\/wp\/v2\/media?parent=4202"}],"wp:term":[{"taxonomy":"category","embeddable":true,"href":"https:\/\/www.lauluvaljak.ee\/en\/wp-json\/wp\/v2\/categories?post=4202"}],"curies":[{"name":"wp","href":"https:\/\/api.w.org\/{rel}","templated":true}]}}