{"id":4200,"date":"2025-05-01T22:00:19","date_gmt":"2025-05-01T19:00:19","guid":{"rendered":"https:\/\/www.lauluvaljak.ee\/uncategorized\/mere-ala-labipaasuks-suletud-27-05-03-06-24\/"},"modified":"2025-05-01T22:00:19","modified_gmt":"2025-05-01T19:00:19","slug":"mere-ala-labipaasuks-suletud-27-05-03-06-24","status":"publish","type":"post","link":"https:\/\/www.lauluvaljak.ee\/en\/news\/mere-ala-labipaasuks-suletud-27-05-03-06-24\/","title":{"rendered":"Mere ala l\u00e4bip\u00e4\u00e4suks suletud 27.05-03.06.24"},"content":{"rendered":"<div class=\"ama-block block-txtmedia\"><div class=\"block__body\"><div class=\"body__content\">\n\n<p class=\"has-semi-large-font-size wp-el\">Seoses Suure Tallinna Toidut\u00e4navaga \u00fcritustega on alates esmasp\u00e4evast, 27. maist kella 9 hommikul kuni 03. juunini kell 10.00\u00a0alal suletud MERE ja TIIGI v\u00e4ravad.<\/p>\n\n\n\n<p class=\"wp-el\">Kui soovite Tallinna Lauluv\u00e4ljaku ala l\u00e4bida, siis palun kasutage teisi avatuid v\u00e4ravaid (M\u00c4E, ORU, N\u00c4ITUSTE).<br>\u00a0<br>Vabandame ebamugavuste p\u00e4rast!<\/p>\n\n<\/div><div class=\"body__media\"><div class=\"splide\" data-splide={\"type\":\"fade\",\"pagination\":false}><div class=\"splide__track\"><ul class=\"splide__list\"><li class=\"splide__slide\"><a href=\"https:\/\/www.lauluvaljak.ee\/wp-content\/uploads\/2025\/05\/351118505_638114268193064_1909265297401577982_n-1280x853.jpg\" data-fancybox=\"txtmedia-block_ebd164fd519430da28961d2190c29f56\"><img decoding=\"async\" width=\"620\" height=\"380\" src=\"https:\/\/www.lauluvaljak.ee\/wp-content\/uploads\/bis-images\/833\/351118505_638114268193064_1909265297401577982_n-620x380-f50_50.jpg\" class=\"attachment-620x380\" alt=\"351118505_638114268193064_1909265297401577982_n\" loading=\"lazy\" \/><\/a><\/li><li class=\"splide__slide\"><a href=\"https:\/\/www.lauluvaljak.ee\/wp-content\/uploads\/2025\/05\/mere_ala_on_suletud_27_05-03_06-1280x904.png\" data-fancybox=\"txtmedia-block_ebd164fd519430da28961d2190c29f56\"><img decoding=\"async\" width=\"620\" height=\"380\" src=\"https:\/\/www.lauluvaljak.ee\/wp-content\/uploads\/bis-images\/831\/mere_ala_on_suletud_27_05-03_06-620x380-f50_50.png\" class=\"attachment-620x380\" alt=\"mere_ala_on_suletud_27_05-03_06\" loading=\"lazy\" \/><\/a><\/li><\/ul><\/div><div class=\"splide__arrows\"><button class=\"splide__arrow splide__arrow--prev\"><svg xmlns=\"http:\/\/www.w3.org\/2000\/svg\" width=\"15\" height=\"11.25\" viewBox=\"0 0 15 11.25\"><path d=\"M-2457.2-3425.987a.754.754,0,0,0,0-1.136l-3.788-3.449h11.1a.847.847,0,0,0,.883-.8.847.847,0,0,0-.883-.8h-11.1l3.787-3.449a.754.754,0,0,0,0-1.136.945.945,0,0,0-1.248,0l-5.293,4.821a.753.753,0,0,0,0,1.137l5.293,4.821a.927.927,0,0,0,.625.236A.927.927,0,0,0-2457.2-3425.987Z\" transform=\"translate(2464.001 3437.001)\" fill=\"currentColor\"\/><\/svg><\/button><button class=\"splide__arrow splide__arrow--next\"><svg xmlns=\"http:\/\/www.w3.org\/2000\/svg\" width=\"15\" height=\"11.25\" viewBox=\"0 0 15 11.25\"><path d=\"M-2455.8-3425.987a.754.754,0,0,1,0-1.136l3.788-3.449h-11.1a.847.847,0,0,1-.883-.8.847.847,0,0,1,.883-.8h11.1l-3.787-3.448a.754.754,0,0,1,0-1.136.945.945,0,0,1,1.248,0l5.293,4.821a.753.753,0,0,1,0,1.137l-5.293,4.821a.927.927,0,0,1-.625.236A.927.927,0,0,1-2455.8-3425.987Z\" transform=\"translate(2464.001 3437.001)\" fill=\"currentColor\"\/><\/svg><\/button><\/div><\/div><\/div><\/div><\/div>\n\n\n<p class=\"wp-el\">31. maist 2. juunini toimub Tallinna Lauluv\u00e4ljakul neljandat korda toidufestival Suur Tallinna Toidut\u00e4nav. 500-meetrisel toidualleel saab maitsta nii klassikalist t\u00e4navatoitu kui ka uusi 2024 aasta toidutrende! Lisainfo \u00fcrituse\u00a0<strong>Facebooki lehelt\u00a0<a href=\"https:\/\/www.facebook.com\/events\/791564676074613?locale=es_LA\" target=\"_blank\" rel=\"noopener\">SIIN<\/a>.<\/strong><br>\u00a0<br>1. juunil toimub Tallinna Lauluv\u00e4ljakul lastekaitsep\u00e4evale p\u00fchendatud koguperefestival. Kogu programm ja ajakava avalikustatakse l\u00e4hiaajal. Perefestival toimub Suur Tallinna Toidut\u00e4nav \u00fcritustesarja raames.\u00a0Lastele kuni 17aastastele k.a. on sissep\u00e4\u00e4s tasuta. Lisainfo \u00fcrituse\u00a0<strong>Facebooki lehelt\u00a0<a href=\"https:\/\/www.facebook.com\/events\/393685783302285\" target=\"_blank\" rel=\"noopener\">SIIN<\/a>.<\/strong><\/p>\n","protected":false},"excerpt":{"rendered":"<p>31. maist 2. juunini toimub Tallinna Lauluv\u00e4ljakul neljandat korda toidufestival Suur Tallinna Toidut\u00e4nav. 500-meetrisel toidualleel saab maitsta nii klassikalist t\u00e4navatoitu&#8230;<\/p>\n","protected":false},"author":1,"featured_media":833,"comment_status":"closed","ping_status":"closed","sticky":false,"template":"","format":"standard","meta":{"_acf_changed":false,"inline_featured_image":false,"footnotes":""},"categories":[2],"class_list":["post-4200","post","type-post","status-publish","format-standard","has-post-thumbnail","hentry","category-news"],"acf":[],"_links":{"self":[{"href":"https:\/\/www.lauluvaljak.ee\/en\/wp-json\/wp\/v2\/posts\/4200","targetHints":{"allow":["GET"]}}],"collection":[{"href":"https:\/\/www.lauluvaljak.ee\/en\/wp-json\/wp\/v2\/posts"}],"about":[{"href":"https:\/\/www.lauluvaljak.ee\/en\/wp-json\/wp\/v2\/types\/post"}],"author":[{"embeddable":true,"href":"https:\/\/www.lauluvaljak.ee\/en\/wp-json\/wp\/v2\/users\/1"}],"replies":[{"embeddable":true,"href":"https:\/\/www.lauluvaljak.ee\/en\/wp-json\/wp\/v2\/comments?post=4200"}],"version-history":[{"count":0,"href":"https:\/\/www.lauluvaljak.ee\/en\/wp-json\/wp\/v2\/posts\/4200\/revisions"}],"wp:featuredmedia":[{"embeddable":true,"href":"https:\/\/www.lauluvaljak.ee\/en\/wp-json\/wp\/v2\/media\/833"}],"wp:attachment":[{"href":"https:\/\/www.lauluvaljak.ee\/en\/wp-json\/wp\/v2\/media?parent=4200"}],"wp:term":[{"taxonomy":"category","embeddable":true,"href":"https:\/\/www.lauluvaljak.ee\/en\/wp-json\/wp\/v2\/categories?post=4200"}],"curies":[{"name":"wp","href":"https:\/\/api.w.org\/{rel}","templated":true}]}}