{"id":4198,"date":"2025-05-01T22:00:22","date_gmt":"2025-05-01T19:00:22","guid":{"rendered":"https:\/\/www.lauluvaljak.ee\/uncategorized\/kuidas-ollesummerile-saabudes-jarjekordi-valtida\/"},"modified":"2025-05-01T22:00:22","modified_gmt":"2025-05-01T19:00:22","slug":"kuidas-ollesummerile-saabudes-jarjekordi-valtida","status":"publish","type":"post","link":"https:\/\/www.lauluvaljak.ee\/en\/news\/kuidas-ollesummerile-saabudes-jarjekordi-valtida\/","title":{"rendered":"Kuidas \u00d5llesummerile saabudes j\u00e4rjekordi v\u00e4ltida?"},"content":{"rendered":"<div class=\"ama-block block-txtmedia\"><div class=\"block__body\"><div class=\"body__content\">\n\n<p class=\"has-semi-large-font-size wp-el\">V\u00e4ldi j\u00e4rjekordi! \u00d5llesummeri passid saab k\u00e4epaelte vastu vahetada kaks p\u00e4eva enne festivali algust.<\/p>\n\n\n\n<p class=\"wp-el\">Esmakordselt Eesti suur\u00fcrituste ajaloos saab j\u00e4rjekordade v\u00e4ltimiseks vahetada \u00d5llesummeri pass k\u00e4epaela vastu kahel p\u00e4eval enne suur\u00fcritust &#8211; 1. ja 2. juulil. Vahetuspuntid on m\u00f5lemal p\u00e4eval avatud kella 11-20ni Tallinna Lauluv\u00e4ljaku Oru v\u00e4ravas ja restorani Pomo terrassil aadressil P\u00e4rnu mnt 3.<br>\u00a0<br>&#8220;Tahame sisenemise festivalile lihtsamaks ja kiiremaks teha,&#8221; kommenteeris uut s\u00fcsteemi \u00d5llesummeri peakorraldaja Sten-Erik Jantson. &#8220;Kui muidu peab festivalile tulija ootama j\u00e4rjekorras, et saada kassast k\u00e4epael, siis n\u00fc\u00fcd saab ta otse v\u00e4ravasse minna,&#8221; lisas Jantson. &#8220;K\u00f5ik mis on vaja teha, on tulla ostetud passiga l\u00e4bi kas s\u00fcdalinna v\u00f5i Oru v\u00e4rava vahetuspunktist,&#8221; mainis festivali peakorraldaja.<br>\u00a0<br>\u00d5llesummer toonitab, et k\u00e4epaelte vastu saab enne festivali vahetada ainult nelja p\u00e4eva passid, mitte \u00fche p\u00e4eva piletid. Passide vahetamiseks tuleb ette n\u00e4idata olemasolev pilet kas nutitelefonis v\u00f5i prinditud kujul.<\/p>\n\n\n\n<p class=\"wp-el\">30. juubelit t\u00e4histav \u00d5llesummer toimub 3.-6. juulini Tallinna Lauluv\u00e4ljakul. Nelja p\u00e4eva jooksul esineb lavadel \u00fcle 70 artisti. Festivalile luuakse \u00fcheksa eri stiiliga lava ning lisaks mitmeid meelelahutusalasid nagu saunaala, Tivoli, lasteala ja benji-h\u00fcpe. Merepoolne peaallee t\u00e4idetakse rahvusk\u00f6\u00f6kide ja foodtruck-alaga.<br>\u00a0<br>Vaata lisainfot:\u00a0<a href=\"https:\/\/www.ollesummer.ee\/\" target=\"_blank\" rel=\"noopener\">ollesummer.ee<\/a><br>Facebookist:\u00a0<a href=\"https:\/\/facebook.com\/Ollesummer\" target=\"_blank\" rel=\"noopener\">facebook.com\/Ollesummer<\/a><br>Instagram&#8217;ist:\u00a0<a href=\"http:\/\/instagram.com\/ollesummer\/?hl=en\" target=\"_blank\" rel=\"noopener\">instagram.com\/ollesummer\/?hl=en<\/a><\/p>\n\n<\/div><div class=\"body__media\"><div class=\"splide\" data-splide={\"type\":\"fade\",\"pagination\":false}><div class=\"splide__track\"><ul class=\"splide__list\"><li class=\"splide__slide\"><a href=\"https:\/\/www.lauluvaljak.ee\/wp-content\/uploads\/2025\/05\/ollesummer_tallina_lauluvaljak.jpg\" data-fancybox=\"txtmedia-block_49e4a10de021c90d7e9deeab56f8eacb\"><img decoding=\"async\" width=\"620\" height=\"380\" src=\"https:\/\/www.lauluvaljak.ee\/wp-content\/uploads\/bis-images\/837\/ollesummer_tallina_lauluvaljak-620x380-f50_50.jpg\" class=\"attachment-620x380\" alt=\"ollesummer_tallina_lauluvaljak\" loading=\"lazy\" \/><\/a><\/li><\/ul><\/div><div class=\"splide__arrows hide-arrows\"><div class=\"splide__arrows\"><button class=\"splide__arrow splide__arrow--prev\"><svg xmlns=\"http:\/\/www.w3.org\/2000\/svg\" width=\"15\" height=\"11.25\" viewBox=\"0 0 15 11.25\"><path d=\"M-2457.2-3425.987a.754.754,0,0,0,0-1.136l-3.788-3.449h11.1a.847.847,0,0,0,.883-.8.847.847,0,0,0-.883-.8h-11.1l3.787-3.449a.754.754,0,0,0,0-1.136.945.945,0,0,0-1.248,0l-5.293,4.821a.753.753,0,0,0,0,1.137l5.293,4.821a.927.927,0,0,0,.625.236A.927.927,0,0,0-2457.2-3425.987Z\" transform=\"translate(2464.001 3437.001)\" fill=\"currentColor\"\/><\/svg><\/button><button class=\"splide__arrow splide__arrow--next\"><svg xmlns=\"http:\/\/www.w3.org\/2000\/svg\" width=\"15\" height=\"11.25\" viewBox=\"0 0 15 11.25\"><path d=\"M-2455.8-3425.987a.754.754,0,0,1,0-1.136l3.788-3.449h-11.1a.847.847,0,0,1-.883-.8.847.847,0,0,1,.883-.8h11.1l-3.787-3.448a.754.754,0,0,1,0-1.136.945.945,0,0,1,1.248,0l5.293,4.821a.753.753,0,0,1,0,1.137l-5.293,4.821a.927.927,0,0,1-.625.236A.927.927,0,0,1-2455.8-3425.987Z\" transform=\"translate(2464.001 3437.001)\" fill=\"currentColor\"\/><\/svg><\/button><\/div><\/div><\/div><\/div><\/div><\/div>","protected":false},"excerpt":{"rendered":"","protected":false},"author":1,"featured_media":839,"comment_status":"closed","ping_status":"closed","sticky":false,"template":"","format":"standard","meta":{"_acf_changed":false,"inline_featured_image":false,"footnotes":""},"categories":[2],"class_list":["post-4198","post","type-post","status-publish","format-standard","has-post-thumbnail","hentry","category-news"],"acf":[],"_links":{"self":[{"href":"https:\/\/www.lauluvaljak.ee\/en\/wp-json\/wp\/v2\/posts\/4198","targetHints":{"allow":["GET"]}}],"collection":[{"href":"https:\/\/www.lauluvaljak.ee\/en\/wp-json\/wp\/v2\/posts"}],"about":[{"href":"https:\/\/www.lauluvaljak.ee\/en\/wp-json\/wp\/v2\/types\/post"}],"author":[{"embeddable":true,"href":"https:\/\/www.lauluvaljak.ee\/en\/wp-json\/wp\/v2\/users\/1"}],"replies":[{"embeddable":true,"href":"https:\/\/www.lauluvaljak.ee\/en\/wp-json\/wp\/v2\/comments?post=4198"}],"version-history":[{"count":0,"href":"https:\/\/www.lauluvaljak.ee\/en\/wp-json\/wp\/v2\/posts\/4198\/revisions"}],"wp:featuredmedia":[{"embeddable":true,"href":"https:\/\/www.lauluvaljak.ee\/en\/wp-json\/wp\/v2\/media\/839"}],"wp:attachment":[{"href":"https:\/\/www.lauluvaljak.ee\/en\/wp-json\/wp\/v2\/media?parent=4198"}],"wp:term":[{"taxonomy":"category","embeddable":true,"href":"https:\/\/www.lauluvaljak.ee\/en\/wp-json\/wp\/v2\/categories?post=4198"}],"curies":[{"name":"wp","href":"https:\/\/api.w.org\/{rel}","templated":true}]}}