{"id":4193,"date":"2025-05-01T22:00:38","date_gmt":"2025-05-01T19:00:38","guid":{"rendered":"https:\/\/www.lauluvaljak.ee\/uncategorized\/armin-van-buuren-tuleb-tallinna-lauluvaljakule\/"},"modified":"2025-05-01T22:00:38","modified_gmt":"2025-05-01T19:00:38","slug":"armin-van-buuren-tuleb-tallinna-lauluvaljakule","status":"publish","type":"post","link":"https:\/\/www.lauluvaljak.ee\/en\/news\/armin-van-buuren-tuleb-tallinna-lauluvaljakule\/","title":{"rendered":"Armin van Buuren tuleb Tallinna Lauluv\u00e4ljakule"},"content":{"rendered":"<div class=\"ama-block block-txtmedia\"><div class=\"block__body\"><div class=\"body__content\">\n\n<p class=\"has-semi-large-font-size wp-el\"><strong>Armin van Buuren tuleb Tallinna Lauluv\u00e4ljakule!<\/strong><\/p>\n\n\n\n<p class=\"wp-el\">31. augustil on v\u00f5imalik Tallinna Lauluv\u00e4ljakul osa saada kordumatust Armin van Buureni kontserdist. Sellega seoses leiavad Lauluv\u00e4ljakul aset ala ettevalmistust\u00f6\u00f6d, mis piiravad osaliselt ala tavap\u00e4raseks k\u00fclastamiseks.\u00a0<\/p>\n\n\n\n<p class=\"wp-el\">Alates 26. augustist kuni 2. septembrini on Lauluv\u00e4ljaku alal ligip\u00e4\u00e4s osaliselt piiratud. Suletud on Oru ja Tiigi v\u00e4rav ning kuigi Mere v\u00e4ravast on alale siseneda v\u00f5imalik, siis osaliselt on piiratud ka Mere alal liiklemine.&nbsp;<\/p>\n\n\n\n<p class=\"wp-el\">Alates 31. augustis kuni 1. septembrini on piiratud kogu Lauluv\u00e4ljaku ala ning k\u00f5ik v\u00e4ravad on sissep\u00e4\u00e4suks suletud.&nbsp;<\/p>\n\n\n\n<p class=\"wp-el\">Vabandame ebamugavuste p\u00e4rast ja ootame teid k\u00f5iki Armin van Buureni erakordsele kontserdile!<\/p>\n\n<\/div><div class=\"body__media\"><div class=\"splide\" data-splide={\"type\":\"fade\",\"pagination\":false}><div class=\"splide__track\"><ul class=\"splide__list\"><li class=\"splide__slide\"><a href=\"https:\/\/www.lauluvaljak.ee\/wp-content\/uploads\/2025\/05\/armin_van_buuren.jpg\" data-fancybox=\"txtmedia-block_00e3babce86fd54d1faf32e26492552c\"><img decoding=\"async\" width=\"620\" height=\"380\" src=\"https:\/\/www.lauluvaljak.ee\/wp-content\/uploads\/bis-images\/849\/armin_van_buuren-620x380-f50_50.jpg\" class=\"attachment-620x380\" alt=\"armin_van_buuren\" loading=\"lazy\" \/><\/a><\/li><\/ul><\/div><div class=\"splide__arrows hide-arrows\"><div class=\"splide__arrows\"><button class=\"splide__arrow splide__arrow--prev\"><svg xmlns=\"http:\/\/www.w3.org\/2000\/svg\" width=\"15\" height=\"11.25\" viewBox=\"0 0 15 11.25\"><path d=\"M-2457.2-3425.987a.754.754,0,0,0,0-1.136l-3.788-3.449h11.1a.847.847,0,0,0,.883-.8.847.847,0,0,0-.883-.8h-11.1l3.787-3.449a.754.754,0,0,0,0-1.136.945.945,0,0,0-1.248,0l-5.293,4.821a.753.753,0,0,0,0,1.137l5.293,4.821a.927.927,0,0,0,.625.236A.927.927,0,0,0-2457.2-3425.987Z\" transform=\"translate(2464.001 3437.001)\" fill=\"currentColor\"\/><\/svg><\/button><button class=\"splide__arrow splide__arrow--next\"><svg xmlns=\"http:\/\/www.w3.org\/2000\/svg\" width=\"15\" height=\"11.25\" viewBox=\"0 0 15 11.25\"><path d=\"M-2455.8-3425.987a.754.754,0,0,1,0-1.136l3.788-3.449h-11.1a.847.847,0,0,1-.883-.8.847.847,0,0,1,.883-.8h11.1l-3.787-3.448a.754.754,0,0,1,0-1.136.945.945,0,0,1,1.248,0l5.293,4.821a.753.753,0,0,1,0,1.137l-5.293,4.821a.927.927,0,0,1-.625.236A.927.927,0,0,1-2455.8-3425.987Z\" transform=\"translate(2464.001 3437.001)\" fill=\"currentColor\"\/><\/svg><\/button><\/div><\/div><\/div><\/div><\/div><\/div>","protected":false},"excerpt":{"rendered":"","protected":false},"author":1,"featured_media":849,"comment_status":"closed","ping_status":"closed","sticky":false,"template":"","format":"standard","meta":{"_acf_changed":false,"inline_featured_image":false,"footnotes":""},"categories":[2],"class_list":["post-4193","post","type-post","status-publish","format-standard","has-post-thumbnail","hentry","category-news"],"acf":[],"_links":{"self":[{"href":"https:\/\/www.lauluvaljak.ee\/en\/wp-json\/wp\/v2\/posts\/4193","targetHints":{"allow":["GET"]}}],"collection":[{"href":"https:\/\/www.lauluvaljak.ee\/en\/wp-json\/wp\/v2\/posts"}],"about":[{"href":"https:\/\/www.lauluvaljak.ee\/en\/wp-json\/wp\/v2\/types\/post"}],"author":[{"embeddable":true,"href":"https:\/\/www.lauluvaljak.ee\/en\/wp-json\/wp\/v2\/users\/1"}],"replies":[{"embeddable":true,"href":"https:\/\/www.lauluvaljak.ee\/en\/wp-json\/wp\/v2\/comments?post=4193"}],"version-history":[{"count":0,"href":"https:\/\/www.lauluvaljak.ee\/en\/wp-json\/wp\/v2\/posts\/4193\/revisions"}],"wp:featuredmedia":[{"embeddable":true,"href":"https:\/\/www.lauluvaljak.ee\/en\/wp-json\/wp\/v2\/media\/849"}],"wp:attachment":[{"href":"https:\/\/www.lauluvaljak.ee\/en\/wp-json\/wp\/v2\/media?parent=4193"}],"wp:term":[{"taxonomy":"category","embeddable":true,"href":"https:\/\/www.lauluvaljak.ee\/en\/wp-json\/wp\/v2\/categories?post=4193"}],"curies":[{"name":"wp","href":"https:\/\/api.w.org\/{rel}","templated":true}]}}