{"id":4191,"date":"2025-05-01T22:00:41","date_gmt":"2025-05-01T19:00:41","guid":{"rendered":"https:\/\/www.lauluvaljak.ee\/uncategorized\/tallinna-lauluvaljakul-avati-eri-klasi-nimeline-malestuspink\/"},"modified":"2025-05-01T22:00:41","modified_gmt":"2025-05-01T19:00:41","slug":"tallinna-lauluvaljakul-avati-eri-klasi-nimeline-malestuspink","status":"publish","type":"post","link":"https:\/\/www.lauluvaljak.ee\/en\/news\/tallinna-lauluvaljakul-avati-eri-klasi-nimeline-malestuspink\/","title":{"rendered":"Tallinna Lauluv\u00e4ljakul avati Eri Klasi nimeline m\u00e4lestuspink"},"content":{"rendered":"<div class=\"ama-block block-txtmedia\"><div class=\"block__body\"><div class=\"body__content\">\n\n<p class=\"has-semi-large-font-size wp-el\"><strong>lates 14. septembrist kaunistab Tallinna Lauluv\u00e4ljakut Eri Klasile p\u00fchendatud m\u00e4lestupink!<\/strong><\/p>\n\n\n\n<p class=\"wp-el\">M\u00e4lestuspingi avamisega maestro Klasi juubeliaastal j\u00e4tkub SA Tallinna Lauluv\u00e4ljaku ning Kultuuripartnerluse SA koost\u00f6\u00f6projekt, mille raames on viimastel aastatel Lauluv\u00e4ljakule rajatud juba k\u00fcmme m\u00e4lestuspinki Eesti muusikaelu suurkujudele ning \u00fchekordse toetuse saanud Eesti kultuurielu noored talendid. Eri Klasi nimelise pingiga k\u00e4ib kaasas stipendium, mille p\u00e4lvivad Glasgows \u00f5ppiv klarnetist Inga Runge ning Londonis \u00f5ppiv lauljanna Liisa \u017digurs.<\/p>\n\n<\/div><div class=\"body__media\"><div class=\"splide\" data-splide={\"type\":\"fade\",\"pagination\":false}><div class=\"splide__track\"><ul class=\"splide__list\"><li class=\"splide__slide\"><a href=\"https:\/\/www.lauluvaljak.ee\/wp-content\/uploads\/2025\/05\/100_fotograaf_rene_riisalu_0-1280x823.jpg\" data-fancybox=\"txtmedia-block_394d96535738397114d4fef8c0f777a1\"><img decoding=\"async\" width=\"620\" height=\"380\" src=\"https:\/\/www.lauluvaljak.ee\/wp-content\/uploads\/bis-images\/853\/100_fotograaf_rene_riisalu_0-620x380-f50_50.jpg\" class=\"attachment-620x380\" alt=\"100_fotograaf_rene_riisalu_0\" loading=\"lazy\" \/><\/a><\/li><\/ul><\/div><div class=\"splide__arrows hide-arrows\"><div class=\"splide__arrows\"><button class=\"splide__arrow splide__arrow--prev\"><svg xmlns=\"http:\/\/www.w3.org\/2000\/svg\" width=\"15\" height=\"11.25\" viewBox=\"0 0 15 11.25\"><path d=\"M-2457.2-3425.987a.754.754,0,0,0,0-1.136l-3.788-3.449h11.1a.847.847,0,0,0,.883-.8.847.847,0,0,0-.883-.8h-11.1l3.787-3.449a.754.754,0,0,0,0-1.136.945.945,0,0,0-1.248,0l-5.293,4.821a.753.753,0,0,0,0,1.137l5.293,4.821a.927.927,0,0,0,.625.236A.927.927,0,0,0-2457.2-3425.987Z\" transform=\"translate(2464.001 3437.001)\" fill=\"currentColor\"\/><\/svg><\/button><button class=\"splide__arrow splide__arrow--next\"><svg xmlns=\"http:\/\/www.w3.org\/2000\/svg\" width=\"15\" height=\"11.25\" viewBox=\"0 0 15 11.25\"><path d=\"M-2455.8-3425.987a.754.754,0,0,1,0-1.136l3.788-3.449h-11.1a.847.847,0,0,1-.883-.8.847.847,0,0,1,.883-.8h11.1l-3.787-3.448a.754.754,0,0,1,0-1.136.945.945,0,0,1,1.248,0l5.293,4.821a.753.753,0,0,1,0,1.137l-5.293,4.821a.927.927,0,0,1-.625.236A.927.927,0,0,1-2455.8-3425.987Z\" transform=\"translate(2464.001 3437.001)\" fill=\"currentColor\"\/><\/svg><\/button><\/div><\/div><\/div><\/div><\/div><\/div>\n\n\n<p class=\"wp-el\">\u201eIgati s\u00fcmboolne, et just Eri Klasi juubeliaastal saame siin laulukaare n\u00f5lval avada maestro m\u00e4lestuspingi, kus istudes on hea meenutada, millise v\u00f5imsa p\u00e4randi ta endast Eesti kultuuri<br>ja \u00fchiskonda tervikuna maha j\u00e4ttis,\u201c \u00fctles Tallinna Lauluv\u00e4ljaku juht Urmo Saareoja, \u201e\u00f5igupoolest oli juba m\u00e4lestuspinkide projektiga alustades ilmselge, et siia peab tulema ka Eri Klasi nimeline pink \u2013 n\u00fc\u00fcd ongi selle jaoks k\u00e4es t\u00e4pselt \u00f5ige aeg.\u201c<\/p>\n\n\n\n<p class=\"wp-el\">&nbsp;<br>Ariel Klas r\u00f5hutas, et kultuur ja muusika, eriti Lauluv\u00e4ljak ja meie rahva laulu\u00fchiskond ning Ernesaks olid Eri Klasile elu suured v\u00e4\u00e4rtused. \u201eErile t\u00e4hendasid s\u00fcmbolid v\u00e4ga palju. See, et t\u00e4nasest on tema nimeline s\u00fcmbol Lauluv\u00e4ljakul toob mulle kui Eri lesele suurt austust ja r\u00f5\u00f5mu. Tean, et Eri oleks selle \u00fcle v\u00e4ga \u00f5nnelik!\u201c<\/p>\n\n\n\n<p class=\"wp-el\">&nbsp;<br>T\u00e4na keskp\u00e4eval avatud Eri Klasi m\u00e4lestuspink on juba \u00fcheteistk\u00fcmnes muusikaelu suurkujudele p\u00fchendatud pinkidest Lauluv\u00e4ljakul. SA Tallinna Lauluv\u00e4ljaku ja Kultuuripartnerluse SA koost\u00f6\u00f6projekti raames on Lauluv\u00e4ljakule juba varasemalt j\u00f5udnud Roman Toi, Alo Mattiiseni, Miina H\u00e4rma, \u00dclo Vinteri, Ester M\u00e4gi, Heli L\u00e4\u00e4tse ja Peeter Sauli, Kuno Arengu, Venno Laulu, Mihkel L\u00fcdigi ning Cyrillus Kreeki nime kandvad m\u00e4lestuspingid.&nbsp;<\/p>\n\n\n\n<p class=\"wp-el\">&nbsp;<br>Koost\u00f6\u00f6projekti raames on toetust saanud mitmed v\u00e4lismaal \u00f5ppivad noored eesti muusikud, kokku juba enam kui 50 tuhande euro ulatuses.<\/p>\n","protected":false},"excerpt":{"rendered":"<p>\u201eIgati s\u00fcmboolne, et just Eri Klasi juubeliaastal saame siin laulukaare n\u00f5lval avada maestro m\u00e4lestuspingi, kus istudes on hea meenutada, millise&#8230;<\/p>\n","protected":false},"author":1,"featured_media":853,"comment_status":"closed","ping_status":"closed","sticky":false,"template":"","format":"standard","meta":{"_acf_changed":false,"inline_featured_image":false,"footnotes":""},"categories":[2],"class_list":["post-4191","post","type-post","status-publish","format-standard","has-post-thumbnail","hentry","category-news"],"acf":[],"_links":{"self":[{"href":"https:\/\/www.lauluvaljak.ee\/en\/wp-json\/wp\/v2\/posts\/4191","targetHints":{"allow":["GET"]}}],"collection":[{"href":"https:\/\/www.lauluvaljak.ee\/en\/wp-json\/wp\/v2\/posts"}],"about":[{"href":"https:\/\/www.lauluvaljak.ee\/en\/wp-json\/wp\/v2\/types\/post"}],"author":[{"embeddable":true,"href":"https:\/\/www.lauluvaljak.ee\/en\/wp-json\/wp\/v2\/users\/1"}],"replies":[{"embeddable":true,"href":"https:\/\/www.lauluvaljak.ee\/en\/wp-json\/wp\/v2\/comments?post=4191"}],"version-history":[{"count":0,"href":"https:\/\/www.lauluvaljak.ee\/en\/wp-json\/wp\/v2\/posts\/4191\/revisions"}],"wp:featuredmedia":[{"embeddable":true,"href":"https:\/\/www.lauluvaljak.ee\/en\/wp-json\/wp\/v2\/media\/853"}],"wp:attachment":[{"href":"https:\/\/www.lauluvaljak.ee\/en\/wp-json\/wp\/v2\/media?parent=4191"}],"wp:term":[{"taxonomy":"category","embeddable":true,"href":"https:\/\/www.lauluvaljak.ee\/en\/wp-json\/wp\/v2\/categories?post=4191"}],"curies":[{"name":"wp","href":"https:\/\/api.w.org\/{rel}","templated":true}]}}