{"id":4188,"date":"2025-05-01T22:00:46","date_gmt":"2025-05-01T19:00:46","guid":{"rendered":"https:\/\/www.lauluvaljak.ee\/uncategorized\/korralda-oma-firma-voi-erauritus-tallinna-lauluvaljakul\/"},"modified":"2025-05-01T22:00:46","modified_gmt":"2025-05-01T19:00:46","slug":"korralda-oma-firma-voi-erauritus-tallinna-lauluvaljakul","status":"publish","type":"post","link":"https:\/\/www.lauluvaljak.ee\/en\/news\/korralda-oma-firma-voi-erauritus-tallinna-lauluvaljakul\/","title":{"rendered":"Korralda oma firma- v\u00f5i era\u00fcritus Tallinna Lauluv\u00e4ljakul"},"content":{"rendered":"<div class=\"ama-block block-txtmedia\"><div class=\"block__body\"><div class=\"body__content\">\n\n<p class=\"has-semi-large-font-size wp-el\">Lisaks suur\u00fcritustele on Tallinna Lauluv\u00e4ljak v\u00f5\u00f5rustajaks ka\u00a0<strong>firma- ja era\u00fcritustele<\/strong>. Olgu plaanis firma-aastal\u00f5pupidu v\u00f5i m\u00f5ni muu meeldej\u00e4\u00e4v s\u00fcndmus, Tallinna Lauluv\u00e4ljaku meeskond on alati valmis Teid toetama. Paindlik ja personaalne l\u00e4henemine, kiire asjaajamine ning lai koost\u00f6\u00f6partnerite v\u00f5rgustik tagavad, et iga \u00fcritus kulgeb sujuvalt ja edukalt. \u00dcksk\u00f5ik, millise suuruse v\u00f5i stiiliga s\u00fcndmust Te plaanite, Lauluv\u00e4ljaku ruume saab omavahel kombineerida ja kohandada t\u00e4pselt Teie vajadustele vastavaks.<\/p>\n\n\n\n<p class=\"wp-el\">Tallinna Lauluv\u00e4ljakul ootab Sind kordumatu&nbsp;<strong>Klaassaal<\/strong>, v\u00f5imekas&nbsp;<strong>Sammassaal<\/strong>, avar&nbsp;<strong>R\u00f5du<\/strong>&nbsp;ala ja erinevad&nbsp;<strong>seminariruumid.<\/strong><\/p>\n\n<\/div><div class=\"body__media\"><div class=\"splide\" data-splide={\"type\":\"fade\",\"pagination\":false}><div class=\"splide__track\"><ul class=\"splide__list\"><li class=\"splide__slide\"><a href=\"https:\/\/www.lauluvaljak.ee\/wp-content\/uploads\/2025\/05\/jkp_8188-c2020jurikartul.jpg1920w-1280x533.jpeg\" data-fancybox=\"txtmedia-block_1679745628f7344fdd4738a08f3785ef\"><img decoding=\"async\" width=\"620\" height=\"380\" src=\"https:\/\/www.lauluvaljak.ee\/wp-content\/uploads\/bis-images\/863\/jkp_8188-c2020jurikartul.jpg1920w-620x380-f50_50.jpeg\" class=\"attachment-620x380\" alt=\"jkp_8188-c2020jurikartul.jpg1920w\" loading=\"lazy\" \/><\/a><\/li><li class=\"splide__slide\"><a href=\"https:\/\/www.lauluvaljak.ee\/wp-content\/uploads\/2025\/05\/jkp_7438_-_c_2020_juri_kartul-1280x853.jpg\" data-fancybox=\"txtmedia-block_1679745628f7344fdd4738a08f3785ef\"><img decoding=\"async\" width=\"620\" height=\"380\" src=\"https:\/\/www.lauluvaljak.ee\/wp-content\/uploads\/bis-images\/861\/jkp_7438_-_c_2020_juri_kartul-620x380-f50_50.jpg\" class=\"attachment-620x380\" alt=\"jkp_7438_-_c_2020_juri_kartul\" loading=\"lazy\" \/><\/a><\/li><\/ul><\/div><div class=\"splide__arrows\"><button class=\"splide__arrow splide__arrow--prev\"><svg xmlns=\"http:\/\/www.w3.org\/2000\/svg\" width=\"15\" height=\"11.25\" viewBox=\"0 0 15 11.25\"><path d=\"M-2457.2-3425.987a.754.754,0,0,0,0-1.136l-3.788-3.449h11.1a.847.847,0,0,0,.883-.8.847.847,0,0,0-.883-.8h-11.1l3.787-3.449a.754.754,0,0,0,0-1.136.945.945,0,0,0-1.248,0l-5.293,4.821a.753.753,0,0,0,0,1.137l5.293,4.821a.927.927,0,0,0,.625.236A.927.927,0,0,0-2457.2-3425.987Z\" transform=\"translate(2464.001 3437.001)\" fill=\"currentColor\"\/><\/svg><\/button><button class=\"splide__arrow splide__arrow--next\"><svg xmlns=\"http:\/\/www.w3.org\/2000\/svg\" width=\"15\" height=\"11.25\" viewBox=\"0 0 15 11.25\"><path d=\"M-2455.8-3425.987a.754.754,0,0,1,0-1.136l3.788-3.449h-11.1a.847.847,0,0,1-.883-.8.847.847,0,0,1,.883-.8h11.1l-3.787-3.448a.754.754,0,0,1,0-1.136.945.945,0,0,1,1.248,0l5.293,4.821a.753.753,0,0,1,0,1.137l-5.293,4.821a.927.927,0,0,1-.625.236A.927.927,0,0,1-2455.8-3425.987Z\" transform=\"translate(2464.001 3437.001)\" fill=\"currentColor\"\/><\/svg><\/button><\/div><\/div><\/div><\/div><\/div>\n\n\n<figure class=\"wp-block-image size-large wp-el\"><img loading=\"lazy\" decoding=\"async\" width=\"1280\" height=\"301\" src=\"https:\/\/www.lauluvaljak.ee\/wp-content\/uploads\/2025\/05\/img_9121-1280x301.png\" alt=\"\" class=\"wp-image-858\" srcset=\"https:\/\/www.lauluvaljak.ee\/wp-content\/uploads\/2025\/05\/img_9121-1280x301.png 1280w, https:\/\/www.lauluvaljak.ee\/wp-content\/uploads\/2025\/05\/img_9121-840x198.png 840w, https:\/\/www.lauluvaljak.ee\/wp-content\/uploads\/2025\/05\/img_9121-614x145.png 614w\" sizes=\"auto, (max-width: 1280px) 100vw, 1280px\" \/><\/figure>\n\n\n\n<p class=\"wp-el\"><a href=\"https:\/\/lauluvaljak.ee\/et\/ruumid\/klaassaal\" target=\"_blank\" rel=\"noopener\"><strong>Klaassaal<\/strong><\/a>&nbsp;on Lauluv\u00e4ljaku esindussaal \u2013 avar, valgusk\u00fcllane ja hingematvalt kauni vaatega Lauluv\u00e4ljaku pargile ja merele. Talvel kingib lumine park Klaassaalile lummava talvev\u00f5lumaa ilme ning suvised \u00f5htud m\u00f6\u00f6duvad tihti imeliste p\u00e4ikeseloojangute saatel. Klaassaal sobib&nbsp;esindus\u00fcritusteks,&nbsp;kontsertideks, gala \u00f5htus\u00f6\u00f6kideks, konverentsideks, moeshowdeks, messideks, tooteesitlusteks ja pidulikeks s\u00fcndmusteks.&nbsp;<a href=\"https:\/\/lauluvaljak.ee\/et\/ruumid\/klaassaal\" target=\"_blank\" rel=\"noopener\"><strong>Loe l\u00e4hemalt<\/strong><\/a><\/p>\n\n\n\n<p class=\"wp-el\">\u00a0<a href=\"https:\/\/lauluvaljak.ee\/et\/ruumid\/sammassaal\" target=\"_blank\" rel=\"noopener\"><strong>Sammassaal\u00a0<\/strong><\/a>on v\u00f5imekas ja paindlik oma ruumilahenduse poolest. Ruum on suurep\u00e4rane lahendus erinevate n\u00e4ituste, messide ja semineride jaoks. Kuid samal ajal pakub Sammassaal v\u00f5imalusi ka muusikaliste ja tantsuliste pidustuste jaoks.\u00a0<strong><a href=\"https:\/\/lauluvaljak.ee\/et\/ruumid\/sammassaal\" target=\"_blank\" rel=\"noopener\">Loe l\u00e4hemalt<\/a><\/strong><\/p>\n\n\n\n<p class=\"wp-el\">\u00a0<a href=\"https:\/\/lauluvaljak.ee\/et\/ruumid\/r%C3%B5du\" target=\"_blank\" rel=\"noopener\"><strong>R\u00f5du\u00a0<\/strong><\/a>on avatud planeeringuga poolkorrus, mida on hea kasutada koos Klaassaaliga. Suuremate \u00fcrituste ja vastuv\u00f5ttude\u00a0ajal\u00a0sobib\u00a0VIP-\u00a0v\u00f5i\u00a0lounge alaks, konverentside puhul\u00a0t\u00f6\u00f6tubade l\u00e4biviimiseks\u00a0v\u00f5i\u00a0kohvipauside\u00a0ja\u00a0l\u00f5unas\u00f6\u00f6gi\u00a0serveerimiseks.\u00a0<strong><a href=\"https:\/\/lauluvaljak.ee\/et\/ruumid\/r%C3%B5du\" target=\"_blank\" rel=\"noopener\">Loe l\u00e4hemalt<\/a><\/strong><\/p>\n\n\n\n<p class=\"wp-el\">\u00a0Lisaks pakub Lauluv\u00e4ljak erinevaid ruumilahendusi konverentside, seminaride, koosolekute ja workshoppide korraldamiseks.\u00a0<a href=\"https:\/\/lauluvaljak.ee\/et\/ruumid\/seminari-ja-koosolekuruumid\" target=\"_blank\" rel=\"noopener\"><strong>Loe seminariruumide v\u00f5imaluste kohta l\u00e4hemalt<\/strong><\/a><\/p>\n\n\n\n<p class=\"wp-el\">Lisaks mitmek\u00fclgsele ruumilahendusele pakub Lauluv\u00e4ljak ka olulises mahus&nbsp;<strong>renditehnikat.<\/strong>&nbsp;Lauluv\u00e4ljaku tehnika seast leiab just vajaliku tehnika &#8211; valikus on lauad, toolid, pingid, konverentsi-, messi-, heli- ja valgustehnika, lavad, piirded, garderoobimoodulid, pr\u00fcgikastid, tuhatoosid ja palju muud. Juhul, kui s\u00fcndmus ei toimu Lauluv\u00e4ljakul, siis saab k\u00f5iki eelpool nimetatud tooteid tellida koos transpordi ja paigaldusega enda \u00fcrituse toimumispaika. Tutvu Lauluv\u00e4ljaku renditehnikaga l\u00e4hemalt&nbsp;<strong><a href=\"https:\/\/lauluvaljak.ee\/et\/content\/alade-ruumide-ja-varustuse-rent\" target=\"_blank\" rel=\"noopener\">SIIN<\/a><\/strong><\/p>\n\n\n\n<p class=\"wp-el\">\u00a0Kui tunned, et Lauluv\u00e4ljak on ideaalne koht just Sinu \u00fcrituse jaoks, siis v\u00f5ta meiega kindlasti \u00fchendust ja tule ruumidega tutvuma. Kirjuta meile\u00a0<strong><a href=\"mailto:korralda@lauluvaljak.ee\">korralda@lauluvaljak.ee<\/a>\u00a0<\/strong>v\u00f5i helista<strong>\u00a0<\/strong><a href=\"tel:+372%205333%202337\"><strong>+372 5333 2337<\/strong><\/a><\/p>\n\n\n\n<p class=\"wp-el\">\u00a0Vali hetked koos Tallinna Lauluv\u00e4ljakuga!\u00a0<\/p>\n","protected":false},"excerpt":{"rendered":"<p>Klaassaal&nbsp;on Lauluv\u00e4ljaku esindussaal \u2013 avar, valgusk\u00fcllane ja hingematvalt kauni vaatega Lauluv\u00e4ljaku pargile ja merele. Talvel kingib lumine park Klaassaalile lummava&#8230;<\/p>\n","protected":false},"author":1,"featured_media":865,"comment_status":"closed","ping_status":"closed","sticky":false,"template":"","format":"standard","meta":{"_acf_changed":false,"inline_featured_image":false,"footnotes":""},"categories":[2],"class_list":["post-4188","post","type-post","status-publish","format-standard","has-post-thumbnail","hentry","category-news"],"acf":[],"_links":{"self":[{"href":"https:\/\/www.lauluvaljak.ee\/en\/wp-json\/wp\/v2\/posts\/4188","targetHints":{"allow":["GET"]}}],"collection":[{"href":"https:\/\/www.lauluvaljak.ee\/en\/wp-json\/wp\/v2\/posts"}],"about":[{"href":"https:\/\/www.lauluvaljak.ee\/en\/wp-json\/wp\/v2\/types\/post"}],"author":[{"embeddable":true,"href":"https:\/\/www.lauluvaljak.ee\/en\/wp-json\/wp\/v2\/users\/1"}],"replies":[{"embeddable":true,"href":"https:\/\/www.lauluvaljak.ee\/en\/wp-json\/wp\/v2\/comments?post=4188"}],"version-history":[{"count":0,"href":"https:\/\/www.lauluvaljak.ee\/en\/wp-json\/wp\/v2\/posts\/4188\/revisions"}],"wp:featuredmedia":[{"embeddable":true,"href":"https:\/\/www.lauluvaljak.ee\/en\/wp-json\/wp\/v2\/media\/865"}],"wp:attachment":[{"href":"https:\/\/www.lauluvaljak.ee\/en\/wp-json\/wp\/v2\/media?parent=4188"}],"wp:term":[{"taxonomy":"category","embeddable":true,"href":"https:\/\/www.lauluvaljak.ee\/en\/wp-json\/wp\/v2\/categories?post=4188"}],"curies":[{"name":"wp","href":"https:\/\/api.w.org\/{rel}","templated":true}]}}