{"id":4169,"date":"2025-05-01T22:39:44","date_gmt":"2025-05-01T19:39:44","guid":{"rendered":"https:\/\/www.lauluvaljak.ee\/uncategorized\/lauluvaljaku-juht-urituste-kriis-nouab-erisusi-kaibemaksus\/"},"modified":"2025-05-01T22:39:44","modified_gmt":"2025-05-01T19:39:44","slug":"lauluvaljaku-juht-urituste-kriis-nouab-erisusi-kaibemaksus","status":"publish","type":"post","link":"https:\/\/www.lauluvaljak.ee\/en\/news\/lauluvaljaku-juht-urituste-kriis-nouab-erisusi-kaibemaksus\/","title":{"rendered":"Lauluv\u00e4ljaku juht: \u00fcrituste kriis n\u00f5uab erisusi k\u00e4ibemaksus"},"content":{"rendered":"<div class=\"ama-block block-txtmedia\"><div class=\"block__body\"><div class=\"body__content\">\n\n<p class=\"has-semi-large-font-size wp-el\">Hiljuti tegid muusikavaldkonna katusorganisatsioonid valitsusele ja parlamendile p\u00f6\u00f6rdumise, kus paluvad toetada ettepanekut v\u00e4hendada kontserdipiletite k\u00e4ibemaksum\u00e4\u00e4ra 20 protsendilt 9 protsendile, mis aitaks neil ellu j\u00e4\u00e4da ning p\u00e4rast kriisi kiiremini jalule saada.<\/p>\n\n\n\n<p class=\"wp-el\">Tegelikkuses saab aga \u00fcha selgemaks, et k\u00e4ibemaksu erisust vajaks mitte ainult muusikavaldkond, vaid kogu kultuuri ja \u00fcrituste korraldamise sektor, teatrist kinodeni.\u00a0K\u00e4ibemaksu langetamine oleks suur samm \u00fcrituste valdkonna olukorra leevendamiseks ja see ei pea j\u00e4\u00e4ma vaid ajutiseks meetmeks.<\/p>\n\n\n\n<p class=\"wp-el\">Praegust koroonakriisi on k\u00f5ige enam nimetatud tervishoiukriisiks. Oleviku vormis v\u00f5ib see t\u00f5esti nii olla, arvestades tervishoius\u00fcsteemile langevat koormust. Kuid tulevikku vaadates \u2013 ja seda kuni viiruse t\u00e4ieliku alistamiseni \u2013 on tegemist \u00fcrituste kriisiga.<\/p>\n\n<\/div><div class=\"body__media\"><div class=\"splide\" data-splide={\"type\":\"fade\",\"pagination\":false}><div class=\"splide__track\"><ul class=\"splide__list\"><li class=\"splide__slide\"><a href=\"https:\/\/www.lauluvaljak.ee\/wp-content\/uploads\/2025\/05\/bocelli_lv-1280x853.jpg\" data-fancybox=\"txtmedia-block_006d4b6f09f2da3fba7be3e0c72e802a\"><img decoding=\"async\" width=\"620\" height=\"380\" src=\"https:\/\/www.lauluvaljak.ee\/wp-content\/uploads\/bis-images\/1079\/bocelli_lv-620x380-f50_50.jpg\" class=\"attachment-620x380\" alt=\"default\" loading=\"lazy\" \/><div class=\"img-caption\">default<\/div><\/a><\/li><\/ul><\/div><div class=\"splide__arrows hide-arrows\"><div class=\"splide__arrows\"><button class=\"splide__arrow splide__arrow--prev\"><svg xmlns=\"http:\/\/www.w3.org\/2000\/svg\" width=\"15\" height=\"11.25\" viewBox=\"0 0 15 11.25\"><path d=\"M-2457.2-3425.987a.754.754,0,0,0,0-1.136l-3.788-3.449h11.1a.847.847,0,0,0,.883-.8.847.847,0,0,0-.883-.8h-11.1l3.787-3.449a.754.754,0,0,0,0-1.136.945.945,0,0,0-1.248,0l-5.293,4.821a.753.753,0,0,0,0,1.137l5.293,4.821a.927.927,0,0,0,.625.236A.927.927,0,0,0-2457.2-3425.987Z\" transform=\"translate(2464.001 3437.001)\" fill=\"currentColor\"\/><\/svg><\/button><button class=\"splide__arrow splide__arrow--next\"><svg xmlns=\"http:\/\/www.w3.org\/2000\/svg\" width=\"15\" height=\"11.25\" viewBox=\"0 0 15 11.25\"><path d=\"M-2455.8-3425.987a.754.754,0,0,1,0-1.136l3.788-3.449h-11.1a.847.847,0,0,1-.883-.8.847.847,0,0,1,.883-.8h11.1l-3.787-3.448a.754.754,0,0,1,0-1.136.945.945,0,0,1,1.248,0l5.293,4.821a.753.753,0,0,1,0,1.137l-5.293,4.821a.927.927,0,0,1-.625.236A.927.927,0,0,1-2455.8-3425.987Z\" transform=\"translate(2464.001 3437.001)\" fill=\"currentColor\"\/><\/svg><\/button><\/div><\/div><\/div><\/div><\/div><\/div>\n\n\n<p class=\"wp-el\">K\u00e4ibemaksust r\u00e4\u00e4kides tasub meenutada, et sugugi palju aega pole m\u00f6\u00f6dunud sellest, mil Eestis kehtiv m\u00e4\u00e4r oli 18% ning seadus n\u00e4gi ette ka terve rea erisusi. T\u00e4naseks p\u00e4evaks kuuluvad erim\u00e4\u00e4ra ehk 9% k\u00e4ibemaksu alla raamatud ja \u00f5ppekirjandus, ajakirjandusv\u00e4ljaanded, majutusteenused, kindlaksm\u00e4\u00e4ratud ravimid ning meditsiiniseadmed ja abivahendid. Milline on olukord aga teistes Euroopa Liidu riikides?<\/p>\n\n\n\n<p class=\"wp-el\">Euroopa Komisjoni k\u00e4ibemaksupoliitika \u00fclevaatest (01.01.2020 seisuga) l\u00e4htub, et kultuuri\u00fcrituste p\u00e4\u00e4smetele ei tee erisusi vaid m\u00f5ni liikmesriik ning paljudes on see m\u00e4\u00e4r oluliselt madalam. Eesti ja Suurbritannia 20protsendiline m\u00e4\u00e4r on erisusteta k\u00f5rgeim. J\u00e4rgnevad Ungari (18%) ning T\u0161ehhi (15%). Muidu ELi k\u00f5rgeima k\u00e4ibemaksum\u00e4\u00e4raga (25%) Taani n\u00e4eb ette maksuvabastuse kultuuritegevustele (nt raamatukogud, muuseumid, loomaaiad) ja kaasnevatele teenustele. T\u00f5si kino-, teatri- ja kontserdipiletid on maksutatud tavam\u00e4\u00e4raga.<\/p>\n\n\n\n<p class=\"wp-el\">L\u00e4hinaabritest n\u00e4eb Soome kultuurivaldkonna \u00fcritustele t\u00e4ieliku vabastuse v\u00f5i 10% m\u00e4\u00e4ra (tavam\u00e4\u00e4r 24%), L\u00e4ti t\u00e4ieliku vabastuse, v\u00e4lja arvatud kinopiletitele (tavam\u00e4\u00e4r 21%). V\u00f5rdlusi saaks veel v\u00e4lja tuua mitu, kuid oluline on \u00fcldine tonaalsus, mis pakub \u00fcritustele madalamat maksum\u00e4\u00e4ra.<\/p>\n\n\n\n<p class=\"wp-el\">Koroonakriisis on paljud riigid teinud ka t\u00e4iendavaid k\u00e4ibemaksum\u00e4\u00e4ra erisusi kultuuri- ja spordivaldkonna teenustele. Nende hulka kuuluvad n\u00e4iteks Austria (13% asemel ajutiselt 5%), T\u0161ehhi (15% asemel ajutiselt 10%) ning Norra (12% asemel teatud teenustele ajutiselt 6%). Saksamaa on k\u00f5igile kaupadele ja teenustele kehtiva tavam\u00e4\u00e4ra 19% k\u00e4rpinud 16%-le, sama teed on l\u00e4inud ka Iirimaa (23%-lt 21%-le).<\/p>\n\n\n\n<h2 class=\"wp-block-heading wp-el\"><strong>Eesti v\u00f5imalused<\/strong><\/h2>\n\n\n\n<p class=\"wp-el\">Iga maksulangetus on poliitikute jaoks kahtlemata keeruline otsus, sest isegi kriisiajal tehtuna kujuneb selle hilisem tagasip\u00f6\u00f6ramine v\u00e4ga suurt vastuseisu tekitavaks \u00fclesandeks. Kuna aga Euroopa Liidust on v\u00f5tta piisavalt n\u00e4iteid oluliselt madalamast maksum\u00e4\u00e4rast, siis ei pruugi see j\u00e4\u00e4da vaid ajutiseks meetmeks.<\/p>\n\n\n\n<p class=\"wp-el\">Samuti on t\u00f5en\u00e4oline, et skeptikud toovad esile m\u00f5ttek\u00e4igu, kus k\u00e4ibemaks k\u00fcll langeb, kuid piletite kogusumma j\u00e4\u00e4b samaks ehk siis \u00fcrituse korralda saab rohkem raha. See ei pruugigi aga hukkam\u00f5istu v\u00e4\u00e4riv olla, vaid vastupidi, v\u00f5ime kujundada sellest ka \u00fchiskondliku kokkuleppe, et ulatada abik\u00e4si kitsikuses valdkonnale. Eesti \u00fcrituste turg on piiratud ning k\u00e4ibemaksu langetamine annaks k\u00fcll positiivse t\u00f5uke, kuid p\u00e4riselt ellu aitavad j\u00e4\u00e4da ikka meie enda inimesed, kes pileteid ostavad ning kultuuriteenuseid tarbivad.<\/p>\n\n\n\n<p class=\"wp-el\">2018. aastal kulutasid Eesti elanikud v\u00e4lismaal \u00f6\u00f6bimistega reisimisele ligi miljard eurot, 2019. aastal juba 1,4 miljardit. N\u00fc\u00fcd, kui reisimine on muutunud pea v\u00f5imatuks, v\u00f5ib eeldada, et osa sellest rahast j\u00f5uab siseriiklikku tarbimisse. Kahtlemata oleks seda v\u00e4ga vaja.<\/p>\n\n\n\n<p class=\"wp-el\">Iga erakordne olukord maailmas \u2013 iga globaalne kriis \u2013 on oma olemuselt eba\u00f5iglane. Vaatamata sellele, et puutumus on \u00fclemaailmne, leidub ikka neid, kes kannatavad r\u00e4ngalt, ning neid, kes taastuvad v\u00e4heste kahjudega. Koroonakriis m\u00f5jub eriti valusalt \u00fcrituste valdkonnale, aga k\u00e4ibemaksu langetamine oleks suur samm olukorra leevendamiseks.<\/p>\n\n\n\n<p class=\"wp-el\"><strong>Urmo Saareoja<\/strong><\/p>\n\n\n\n<p class=\"wp-el\">SA Tallinna Lauluv\u00e4ljak juhataja<\/p>\n\n\n\n<p class=\"wp-el\">30.09.2020<\/p>\n","protected":false},"excerpt":{"rendered":"<p>K\u00e4ibemaksust r\u00e4\u00e4kides tasub meenutada, et sugugi palju aega pole m\u00f6\u00f6dunud sellest, mil Eestis kehtiv m\u00e4\u00e4r oli 18% ning seadus n\u00e4gi&#8230;<\/p>\n","protected":false},"author":1,"featured_media":1081,"comment_status":"closed","ping_status":"closed","sticky":false,"template":"","format":"standard","meta":{"_acf_changed":false,"inline_featured_image":false,"footnotes":""},"categories":[2],"class_list":["post-4169","post","type-post","status-publish","format-standard","has-post-thumbnail","hentry","category-news"],"acf":[],"_links":{"self":[{"href":"https:\/\/www.lauluvaljak.ee\/en\/wp-json\/wp\/v2\/posts\/4169","targetHints":{"allow":["GET"]}}],"collection":[{"href":"https:\/\/www.lauluvaljak.ee\/en\/wp-json\/wp\/v2\/posts"}],"about":[{"href":"https:\/\/www.lauluvaljak.ee\/en\/wp-json\/wp\/v2\/types\/post"}],"author":[{"embeddable":true,"href":"https:\/\/www.lauluvaljak.ee\/en\/wp-json\/wp\/v2\/users\/1"}],"replies":[{"embeddable":true,"href":"https:\/\/www.lauluvaljak.ee\/en\/wp-json\/wp\/v2\/comments?post=4169"}],"version-history":[{"count":0,"href":"https:\/\/www.lauluvaljak.ee\/en\/wp-json\/wp\/v2\/posts\/4169\/revisions"}],"wp:featuredmedia":[{"embeddable":true,"href":"https:\/\/www.lauluvaljak.ee\/en\/wp-json\/wp\/v2\/media\/1081"}],"wp:attachment":[{"href":"https:\/\/www.lauluvaljak.ee\/en\/wp-json\/wp\/v2\/media?parent=4169"}],"wp:term":[{"taxonomy":"category","embeddable":true,"href":"https:\/\/www.lauluvaljak.ee\/en\/wp-json\/wp\/v2\/categories?post=4169"}],"curies":[{"name":"wp","href":"https:\/\/api.w.org\/{rel}","templated":true}]}}