{"id":4160,"date":"2025-05-01T22:40:00","date_gmt":"2025-05-01T19:40:00","guid":{"rendered":"https:\/\/www.lauluvaljak.ee\/uncategorized\/algas-lauluvaljaku-ala-ideekonkurss-arge-pakkuge-tornmaju\/"},"modified":"2025-05-01T22:40:00","modified_gmt":"2025-05-01T19:40:00","slug":"algas-lauluvaljaku-ala-ideekonkurss-arge-pakkuge-tornmaju","status":"publish","type":"post","link":"https:\/\/www.lauluvaljak.ee\/en\/news\/algas-lauluvaljaku-ala-ideekonkurss-arge-pakkuge-tornmaju\/","title":{"rendered":"Algas Lauluv\u00e4ljaku ala ideekonkurss: \u00e4rge pakkuge tornmaju"},"content":{"rendered":"<div class=\"ama-block block-txtmedia\"><div class=\"block__body\"><div class=\"body__content\">\n\n<p class=\"has-semi-large-font-size wp-el\">T\u00e4na sai aval\u00f6\u00f6gi konkurss, millega otsime Tallinna Lauluv\u00e4ljaku alale parimat ruumilist terviklahendust. Olgu kohe \u00f6eldud, et tegemist pole kutsega hakata sinna tornmaju planeerima, kuhu hiljem luksuskortereid m\u00fc\u00fca. Seda ei juhtu kunagi.<\/p>\n\n\n\n<p class=\"wp-el\">Alguse saanud ideev\u00f5istlus t\u00e4hendab hoopis kutset parimat peade t\u00f6\u00f6le panekuks, et leida just need nipid ja trikid kasutamaks kaasaegseid lahendusi \u2013 eelk\u00f5ige logistilisti ja maastikuarhitektuurilisi \u2013 mis arvestaksid asjaoluga, et tegemist on eestlastele rahvuskultuurilise p\u00fchapaigaga. Konkursile eelnes pikaajaline ja p\u00f5hjalik t\u00f6\u00f6 eri osapooltega, saamaks paika v\u00f5imalikult hea l\u00e4hte\u00fclesande. V\u00e4ljakutse on suur, kuid tulemusi ootame siiski juba aasta l\u00f5puks.<\/p>\n\n<\/div><div class=\"body__media\"><div class=\"splide\" data-splide={\"type\":\"fade\",\"pagination\":false}><div class=\"splide__track\"><ul class=\"splide__list\"><li class=\"splide__slide\"><a href=\"https:\/\/www.lauluvaljak.ee\/wp-content\/uploads\/2025\/05\/lauluvaljaku_ala3_1-1280x960.jpg\" data-fancybox=\"txtmedia-block_6b038029a3d36ea75504fbfa02147ab9\"><img decoding=\"async\" width=\"620\" height=\"380\" src=\"https:\/\/www.lauluvaljak.ee\/wp-content\/uploads\/bis-images\/1097\/lauluvaljaku_ala3_1-620x380-f50_50.jpg\" class=\"attachment-620x380\" alt=\"lauluvaljaku_ala3_1\" loading=\"lazy\" \/><\/a><\/li><\/ul><\/div><div class=\"splide__arrows hide-arrows\"><div class=\"splide__arrows\"><button class=\"splide__arrow splide__arrow--prev\"><svg xmlns=\"http:\/\/www.w3.org\/2000\/svg\" width=\"15\" height=\"11.25\" viewBox=\"0 0 15 11.25\"><path d=\"M-2457.2-3425.987a.754.754,0,0,0,0-1.136l-3.788-3.449h11.1a.847.847,0,0,0,.883-.8.847.847,0,0,0-.883-.8h-11.1l3.787-3.449a.754.754,0,0,0,0-1.136.945.945,0,0,0-1.248,0l-5.293,4.821a.753.753,0,0,0,0,1.137l5.293,4.821a.927.927,0,0,0,.625.236A.927.927,0,0,0-2457.2-3425.987Z\" transform=\"translate(2464.001 3437.001)\" fill=\"currentColor\"\/><\/svg><\/button><button class=\"splide__arrow splide__arrow--next\"><svg xmlns=\"http:\/\/www.w3.org\/2000\/svg\" width=\"15\" height=\"11.25\" viewBox=\"0 0 15 11.25\"><path d=\"M-2455.8-3425.987a.754.754,0,0,1,0-1.136l3.788-3.449h-11.1a.847.847,0,0,1-.883-.8.847.847,0,0,1,.883-.8h11.1l-3.787-3.448a.754.754,0,0,1,0-1.136.945.945,0,0,1,1.248,0l5.293,4.821a.753.753,0,0,1,0,1.137l-5.293,4.821a.927.927,0,0,1-.625.236A.927.927,0,0,1-2455.8-3425.987Z\" transform=\"translate(2464.001 3437.001)\" fill=\"currentColor\"\/><\/svg><\/button><\/div><\/div><\/div><\/div><\/div><\/div>\n\n\n<h2 class=\"wp-block-heading wp-el\"><strong>Laulupidu, linnapark ja kontsert<\/strong><\/h2>\n\n\n\n<p class=\"wp-el\">Lauluv\u00e4ljak t\u00e4idab kolme p\u00f5hifunktsiooni: esiteks laulupidude korraldamise paik, teiseks ala kasutamine avaliku pargina ning kolmandaks erinevate \u00fcrituste korraldamise paik laulupidude vahelisel ajal. Need funktsioonid j\u00e4\u00e4vad ikka samaks, kuid igale neist on t\u00e4na hoopis teistsugune ootus kui see oli k\u00fcmmekond ja veel rohkem aastat tagasi.<br>\u00a0<br>Hea meel on t\u00f5deda laulupeo kasvavat populaarsust, kuid peab ausalt t\u00f5dema, et logistilised ning tehnilised v\u00f5imalused on j\u00f5udmas kriitilise piirini. \u00dcha suureneva lauljate ning publiku arvu tempos peab p\u00fcsima ka toetavate teenuste pakkumise v\u00f5imekus. Seni laulupidude puhul osaliselt kasutusel olnud naaberkinnistud on juba leidnud v\u00f5i leidmas uut funktsiooni elamumaa n\u00e4ol, mist\u00f5ttu tuleb leida lahendus n\u00e4iteks laulupeoliste toitlustamiseks just Lauluv\u00e4ljaku enda territooriumil.<br>\u00a0<br>Muutunud on ka l\u00e4henemine linnaruumile, mis t\u00e4hendab, et igati loogiline on ala sidumine \u00fcmbritsevaga. Heites pilk kaardile, on n\u00e4ha, kuidas Lauluv\u00e4ljaku \u00fcks k\u00fclg saab ulatada k\u00e4e v\u00f5rratule Kadrioru pargile, teisele k\u00fcljele j\u00e4\u00e4b Pirita tee ning Reidi tee mere\u00e4\u00e4rne promenaad, samuti lisandub planeeritav Klindipark. Need on vaja n\u00fc\u00fcd koos toimima panna. Linnarahvast ootab Lauluv\u00e4ljakul kaksk\u00fcmmend kolm hektarit pargiala, mis leiab k\u00fcll kasutust ka praegu, kuid potentsiaali on veel palju-palju rohkemaks. \u00dcmbrusesse sobivad m\u00e4nguv\u00e4ljakud, \u00f5dusad pargisopid pinkidega, ilupeenrad ja nii edasi.<br>\u00a0<br>Suur\u00fcrituste paigana teatakse meie Lauluv\u00e4ljakut h\u00e4sti ning mida paremaid logistilisi lahendusi suudame pakkuda, seda rohkem maailmatasemel \u00fcritusi ka koju k\u00e4tte tuuakse. Hetkel t\u00e4hendab sellise mastaabiga \u00fcrituse toimumine aga Lauluv\u00e4ljaku ala ajutist sulgemist eel- ja j\u00e4relt\u00f6\u00f6deks. Ebamugav lahendus linlastele, kelle harjumusp\u00e4rast trajektoori takistatakse. See probleem on uute logistiliste ja tehniliste lahenduste rakendamisel aga lahendatav.<br>\u00a0<br>Hoopis teistsugune takistus on v\u00e4iksemate kontsertide ja \u00fcrituste korraldamisel, kuhu oodatakse v\u00e4hem publikut ning mida ei ole m\u00f5istlik laulukaare esisel alal korraldada. Just selliste kontsertide tarvis peab leidma Lauluv\u00e4ljakul oma koha tagasihoidlik uusehitis \u2013 k\u00f5lakoda.<\/p>\n\n\n\n<h2 class=\"wp-block-heading wp-el\"><strong>Domineerivad looduslahendused<\/strong><\/h2>\n\n\n\n<p class=\"wp-el\">Lauluv\u00e4ljakule tulevikuvisiooni pakkumisel on vajalik v\u00e4ga suurt r\u00f5hku p\u00f6\u00f6rata just loodusliku silmailu \u2013 kuid ka praktilisuse, n\u00e4iteks m\u00fcrat\u00f5kete \u2013 loomisele. Loominguline l\u00e4henemine pinnavormidele ning kasutatavale elementidele ja taimestikule on see, mis v\u00f5iks pargialale anda oma ni\u0161i, mis eristab seda teistest, lihtsalt kenadest rohealadest.<\/p>\n\n\n\n<p class=\"wp-el\">Lauluv\u00e4ljaku roheala suurus v\u00f5imaldab pakkuda midagi igale eelistusele: kenasti mahuvad hooldatud ilupeenrad, vaba aja tegevused peredele, piknikuplatsid kui ka metsikumad sopid, kus loodus toimetab omasoodu.<br>\u00a0<br>Just looduslike v\u00f5imaluste rohke kasutamine peab olema esikohal ka ehitiste planeerimisel. M\u00e4rks\u00f5naks on minimaalsus, mis t\u00e4hendab, et parim lahendus on see, mis ei j\u00e4tab domineerivaks looduslahendused ning sulandub \u00fcmbritsevaga v\u00f5imalikult m\u00e4rkamatuks. Kus v\u00e4hegi v\u00f5imalik \u2013 n\u00e4iteks laoruumid ja garaa\u017eid \u2013 tuleb kasutusele v\u00f5tta maa-alune korrus, et hooned ei kasvaks k\u00f5rgusesse. Laulupidudele vajaliku toitlustusala loomiseks ei ehitata kindlasti p\u00fcsivat halli, vaid see oluline k\u00fcsimus tuleb lahendada ajutiste moodulhoonete kasutamisega.<br>\u00a0<br>Laulukaare hoone koos raadiotorni ja tuletorniga j\u00e4\u00e4vad m\u00f5istagi selliseks, nagu me neid t\u00e4nagi teame. K\u00fcll aga ootame lahendusi, kuidas v\u00e4\u00e4rikalt kasutada laulukaare esist ala n\u00e4iteks talvise uisuv\u00e4ljakuna ning mil viisil v\u00f5iks m\u00e4en\u00f5lv leida kasutust talver\u00f5\u00f5mude nautimiseks. Suureks v\u00e4ljakutseks saab olema ka jalak\u00e4ijate silla planeerimine, mis \u00fchendaks Lauluv\u00e4ljaku ala Kadrioru pargiga.<\/p>\n\n\n\n<h2 class=\"wp-block-heading wp-el\"><strong>Pika protsessi vahepeatus<\/strong><\/h2>\n\n\n\n<p class=\"wp-el\">Lauluv\u00e4ljaku ala uuendamine on vajalik suurenenud ootuste t\u00e4itmiseks ning \u2013 mis seal salata \u2013 ka konkurentsis p\u00fcsimiseks \u00fcrituste korraldamise paigana. Maailmas on v\u00e4lja on m\u00f5eldud niiv\u00f5rd palju p\u00f5nevaid ja inspireerivaid uusi lahendusi, et oleks patt meie Lauluv\u00e4ljaku puhul neid mitte kaaluda.<br>\u00a0<br>Konkursi v\u00e4lja kuulutamise hetkele eelnes pea kahe aastane v\u00e4ga suur t\u00f6\u00f6 m\u00f5ttetalgute ja arutelude n\u00e4ol, kus paljud osapooled andsid oma suure panuse, et alusmaterjal ideekonkursiks saaks v\u00f5imalikult konsensuslik ning kvaliteetne. See polnud sugugi lihtne teekond, leida tuli kompromisse ning nii m\u00f5negi detaili arutamisele kulus viis korda rohkem aega kui planeeritud. See k\u00f5ik annab aga hea eelduse, et laekuvad ideed on l\u00e4bi m\u00f5eldud ning hakkavad reaalselt ka h\u00e4sti toimima.<br>\u00a0<br>Tegemist on aga siiski vaid pika protsessi vahepeatusega. Ideekonkursi tulemusi loodame avalikkusega jagada veel k\u00e4esoleva aasta l\u00f5pus-j\u00e4rgmise alguses. Loodetavasti on inspiratsioon v\u00f5istlejatele lahke ning n\u00e4eme lennukaid ja v\u00e4ga h\u00e4id ideid, mis seovad \u00fchte meie rahvuskultuuri p\u00fchapaiga ning kaasaegse linnaruumi. Head kaasam\u00f5tlemist!<\/p>\n\n\n\n<p class=\"wp-el\">Urmo Saareoja<br>Tallinna Lauluv\u00e4ljaku juhataja<\/p>\n","protected":false},"excerpt":{"rendered":"<p>Laulupidu, linnapark ja kontsert Lauluv\u00e4ljak t\u00e4idab kolme p\u00f5hifunktsiooni: esiteks laulupidude korraldamise paik, teiseks ala kasutamine avaliku pargina ning kolmandaks erinevate&#8230;<\/p>\n","protected":false},"author":1,"featured_media":1097,"comment_status":"closed","ping_status":"closed","sticky":false,"template":"","format":"standard","meta":{"_acf_changed":false,"inline_featured_image":false,"footnotes":""},"categories":[2],"class_list":["post-4160","post","type-post","status-publish","format-standard","has-post-thumbnail","hentry","category-news"],"acf":[],"_links":{"self":[{"href":"https:\/\/www.lauluvaljak.ee\/en\/wp-json\/wp\/v2\/posts\/4160","targetHints":{"allow":["GET"]}}],"collection":[{"href":"https:\/\/www.lauluvaljak.ee\/en\/wp-json\/wp\/v2\/posts"}],"about":[{"href":"https:\/\/www.lauluvaljak.ee\/en\/wp-json\/wp\/v2\/types\/post"}],"author":[{"embeddable":true,"href":"https:\/\/www.lauluvaljak.ee\/en\/wp-json\/wp\/v2\/users\/1"}],"replies":[{"embeddable":true,"href":"https:\/\/www.lauluvaljak.ee\/en\/wp-json\/wp\/v2\/comments?post=4160"}],"version-history":[{"count":0,"href":"https:\/\/www.lauluvaljak.ee\/en\/wp-json\/wp\/v2\/posts\/4160\/revisions"}],"wp:featuredmedia":[{"embeddable":true,"href":"https:\/\/www.lauluvaljak.ee\/en\/wp-json\/wp\/v2\/media\/1097"}],"wp:attachment":[{"href":"https:\/\/www.lauluvaljak.ee\/en\/wp-json\/wp\/v2\/media?parent=4160"}],"wp:term":[{"taxonomy":"category","embeddable":true,"href":"https:\/\/www.lauluvaljak.ee\/en\/wp-json\/wp\/v2\/categories?post=4160"}],"curies":[{"name":"wp","href":"https:\/\/api.w.org\/{rel}","templated":true}]}}