{"id":4148,"date":"2025-08-04T15:03:18","date_gmt":"2025-08-04T12:03:18","guid":{"rendered":"https:\/\/www.lauluvaljak.ee\/uncategorized\/tallinna-lauluvaljaku-juht-urmo-saareoja-meil-on-au-voorustada-sadu-tuhandeid-kulalisi\/"},"modified":"2025-08-04T15:03:18","modified_gmt":"2025-08-04T12:03:18","slug":"tallinna-lauluvaljaku-juht-urmo-saareoja-meil-on-au-voorustada-sadu-tuhandeid-kulalisi","status":"publish","type":"post","link":"https:\/\/www.lauluvaljak.ee\/en\/news\/tallinna-lauluvaljaku-juht-urmo-saareoja-meil-on-au-voorustada-sadu-tuhandeid-kulalisi\/","title":{"rendered":"Tallinna Lauluv\u00e4ljaku juht Urmo Saareoja: meil on au v\u00f5\u00f5rustada sadu tuhandeid k\u00fclalisi"},"content":{"rendered":"<div class=\"ama-block block-txtmedia\"><div class=\"block__body\"><div class=\"body__content\">\n\n<p class=\"wp-el\">T\u00e4helepanu! Algab Tallinna Lauluv\u00e4ljaku ajaloo k\u00f5ige suurejoonelisem kontserthooaeg! Meid ootab ees rekordiline suvi, kus maailma populaarseimad muusikud astuvad \u00fcles just Lauluv\u00e4ljakul &#8211; tegemist on P\u00f5hjamaade kuumima kontsertpaigaga. T\u00e4iusliku hooaja garanteerib loomulikult \u00fcldlaulupeo \u00fclev ja \u00fchendav v\u00e4gi. Lauluv\u00e4ljaku meeskond t\u00f6\u00f6tab sama p\u00fchendunult nagu koorid, kes oma kava harjutavad, platsil ja pargis k\u00e4ib igap\u00e4evaselt suur ettevalmistust\u00f6\u00f6,&#8221; kirjeldab Tallinna Lauluv\u00e4ljaku juht Urmo Saareoja.<\/p>\n\n\n\n<p class=\"wp-el\">Meile on suur au ja v\u00e4ljakutse v\u00f5\u00f5rustada saabuval hooajal sadu tuhandeid k\u00fclalisi ning tagada, et k\u00f5ik s\u00fcndmused kulgeksid ladusalt, turvaliselt ja meeldej\u00e4\u00e4valt. Iga detail\u00a0saab lihvitud parima k\u00fclastaja ja kontserdikorraldaja kogemuse nimel. Suvi on meie p\u00e4ralt &#8211; laulame, t\u00e4histame ja loome koos m\u00e4lestusi &#8211; kus mujal kui ikka Lauluv\u00e4ljakul!&#8221;\u00a0kutsub Lauluv\u00e4ljaku juht suvistest elamustest osa saama.<\/p>\n\n<\/div><div class=\"body__media\"><div class=\"splide\" data-splide={\"type\":\"fade\",\"pagination\":false}><div class=\"splide__track\"><ul class=\"splide__list\"><li class=\"splide__slide\"><a href=\"https:\/\/www.lauluvaljak.ee\/wp-content\/uploads\/2025\/08\/urmo_saareoja_pilt_jake_farra_0005_jon-1280x853.jpg\" data-fancybox=\"txtmedia-block_9033ab4371f08503c9b1a719c44d3f46\"><img decoding=\"async\" width=\"620\" height=\"380\" src=\"https:\/\/www.lauluvaljak.ee\/wp-content\/uploads\/bis-images\/3109\/urmo_saareoja_pilt_jake_farra_0005_jon-620x380-f50_50.jpg\" class=\"attachment-620x380\" alt=\"PHOTO BY JAKE FARRA\" loading=\"lazy\" \/><div class=\"img-caption\">PHOTO BY JAKE FARRA<\/div><\/a><\/li><\/ul><\/div><div class=\"splide__arrows hide-arrows\"><div class=\"splide__arrows\"><button class=\"splide__arrow splide__arrow--prev\"><svg xmlns=\"http:\/\/www.w3.org\/2000\/svg\" width=\"15\" height=\"11.25\" viewBox=\"0 0 15 11.25\"><path d=\"M-2457.2-3425.987a.754.754,0,0,0,0-1.136l-3.788-3.449h11.1a.847.847,0,0,0,.883-.8.847.847,0,0,0-.883-.8h-11.1l3.787-3.449a.754.754,0,0,0,0-1.136.945.945,0,0,0-1.248,0l-5.293,4.821a.753.753,0,0,0,0,1.137l5.293,4.821a.927.927,0,0,0,.625.236A.927.927,0,0,0-2457.2-3425.987Z\" transform=\"translate(2464.001 3437.001)\" fill=\"currentColor\"\/><\/svg><\/button><button class=\"splide__arrow splide__arrow--next\"><svg xmlns=\"http:\/\/www.w3.org\/2000\/svg\" width=\"15\" height=\"11.25\" viewBox=\"0 0 15 11.25\"><path d=\"M-2455.8-3425.987a.754.754,0,0,1,0-1.136l3.788-3.449h-11.1a.847.847,0,0,1-.883-.8.847.847,0,0,1,.883-.8h11.1l-3.787-3.448a.754.754,0,0,1,0-1.136.945.945,0,0,1,1.248,0l5.293,4.821a.753.753,0,0,1,0,1.137l-5.293,4.821a.927.927,0,0,1-.625.236A.927.927,0,0,1-2455.8-3425.987Z\" transform=\"translate(2464.001 3437.001)\" fill=\"currentColor\"\/><\/svg><\/button><\/div><\/div><\/div><\/div><\/div><\/div>\n\n<div class=\"ama-block block-txtmedia reverse-order\"><div class=\"block__body\"><div class=\"body__content\">\n\n<p class=\"wp-el\">Lauluv\u00e4ljakul on k\u00e4imas hoogsad kevadised t\u00f6\u00f6d, mis t\u00e4hendab, et nii ala kui ka hooned ja rajatised vaadatakse kriitilise pilguga \u00fcle ning tegutsetakse vastavalt vajadusele. Kuna ilm ei ole kevadt\u00f6id soosinud, siis teha on veel v\u00e4ga palju: hoonete fassaadide pesust arboristide t\u00f6\u00f6ni pargiala puudega.<\/p>\n\n\n\n<p class=\"wp-el\">Suur t\u00f6\u00f6 ootab ees piirdeaia korrastamisel, mis saab Mere v\u00e4ravast M\u00e4e v\u00e4ravani uue v\u00e4rvkatte ning kohati vahetame ka paneele uute vastu. M\u00f5istagi l\u00e4bib v\u00e4rskenduskuuri ka laulukaare astmestik, meie siseruumid&nbsp; ning \u00e4sja l\u00f5ppes laulukaare pesu.<\/p>\n\n\n\n<p class=\"wp-el\">Mul on v\u00e4ga hea meel, et aasta alguses saime valmis kogu uute v\u00e4ravate vahetustega.&nbsp; \u00dcks suur investeering on tehtud ning laulupeol esinejad ja publik saavad lauluv\u00e4ljakule siseneda t\u00e4iesti uutest sissep\u00e4\u00e4suv\u00e4ravatest. Need v\u00e4\u00e4rikad v\u00e4ravad on loodud spetsiaalselt lauluv\u00e4ljaku olemust silmas pidades ning inspireeritud merelainetest ja hoogsatest lauludest.<\/p>\n\n<\/div><div class=\"body__media\"><div class=\"splide\" data-splide={\"type\":\"fade\",\"pagination\":false}><div class=\"splide__track\"><ul class=\"splide__list\"><li class=\"splide__slide\"><a href=\"https:\/\/www.lauluvaljak.ee\/wp-content\/uploads\/2025\/08\/dji_0220_-_c_2022_jyri_kartul-1280x853.jpg\" data-fancybox=\"txtmedia-block_7dec886d7cca82cf25b2c2417f8b4b0f\"><img decoding=\"async\" width=\"620\" height=\"380\" src=\"https:\/\/www.lauluvaljak.ee\/wp-content\/uploads\/bis-images\/3111\/dji_0220_-_c_2022_jyri_kartul-620x380-f50_50.jpg\" class=\"attachment-620x380\" alt=\"dji_0220_-_c_2022_jyri_kartul\" loading=\"lazy\" \/><\/a><\/li><\/ul><\/div><div class=\"splide__arrows hide-arrows\"><div class=\"splide__arrows\"><button class=\"splide__arrow splide__arrow--prev\"><svg xmlns=\"http:\/\/www.w3.org\/2000\/svg\" width=\"15\" height=\"11.25\" viewBox=\"0 0 15 11.25\"><path d=\"M-2457.2-3425.987a.754.754,0,0,0,0-1.136l-3.788-3.449h11.1a.847.847,0,0,0,.883-.8.847.847,0,0,0-.883-.8h-11.1l3.787-3.449a.754.754,0,0,0,0-1.136.945.945,0,0,0-1.248,0l-5.293,4.821a.753.753,0,0,0,0,1.137l5.293,4.821a.927.927,0,0,0,.625.236A.927.927,0,0,0-2457.2-3425.987Z\" transform=\"translate(2464.001 3437.001)\" fill=\"currentColor\"\/><\/svg><\/button><button class=\"splide__arrow splide__arrow--next\"><svg xmlns=\"http:\/\/www.w3.org\/2000\/svg\" width=\"15\" height=\"11.25\" viewBox=\"0 0 15 11.25\"><path d=\"M-2455.8-3425.987a.754.754,0,0,1,0-1.136l3.788-3.449h-11.1a.847.847,0,0,1-.883-.8.847.847,0,0,1,.883-.8h11.1l-3.787-3.448a.754.754,0,0,1,0-1.136.945.945,0,0,1,1.248,0l5.293,4.821a.753.753,0,0,1,0,1.137l-5.293,4.821a.927.927,0,0,1-.625.236A.927.927,0,0,1-2455.8-3425.987Z\" transform=\"translate(2464.001 3437.001)\" fill=\"currentColor\"\/><\/svg><\/button><\/div><\/div><\/div><\/div><\/div><\/div>\n\n\n<p class=\"wp-el\">2025. aasta kujuneb Tallinna Lauluv\u00e4ljakule rekordiliseks, sest nii palju suur\u00fcritusi ei ole \u00fchel hooajal veel Lauluv\u00e4ljakul toimunud. Oleme selleks aga juba eelmise aasta s\u00fcgisest alates valmistunud ning iga v\u00f5imalik hetk vajalike t\u00f6\u00f6de teostamiseks kasutatakse \u00e4ra efektiivselt. Rekordiline hooaeg n\u00f5uab, et oleksime valmis 24\/7 tegutsema ning sellest ka l\u00e4htume.<\/p>\n\n\n\n<p class=\"wp-el\">Lauluv\u00e4ljaku p\u00f5hi\u00fclesanne on pakkuda v\u00f5imalikult head toimumiskohta laulupeo korraldamiseks ja selle nimel t\u00f6\u00f6tame kogu aeg. Esiteks peame j\u00e4rjepidevalt hoidma kogu oma ala v\u00f5imalikult heas korras ja tagama, et erinevaid \u00fcritusi v\u00f5\u00f5rustades ei saaks lauluv\u00e4ljak ja seda \u00fcmbritsev park kannatada. Sama k\u00e4ib hoonete kohta \u2013 ka need peavad olema suur\u00fcrituste toimumise ajaks olema n\u00e4gusad.<\/p>\n\n\n\n<p class=\"wp-el\">Lauluv\u00e4ljakul tegutsetakse iga p\u00e4ev selle nimel, et selle suve t\u00e4htsaim s\u00fcndmus, laulupidu, suurep\u00e4raselt korda l\u00e4heks. T\u00e4pselt samamoodi, nagu esinejad harjutavad oma kava, on Lauluv\u00e4ljaku meeskond tegutsemas enda \u201ckava\u201d kohaselt. Olen t\u00e4iesti veendunud, et laulupeole tullakse vaid positiivsete m\u00f5tetega ning sellest tuleb suurep\u00e4rane s\u00fcndmus, mida m\u00e4letame veel kaua.&nbsp;<br>&nbsp;<\/p>\n\n\n\n<p class=\"wp-el\">Jah, t\u00f5esti, avasime allee 2023. aastal, kui toimus noortepidu \u201eP\u00fcha on maa\u201c. Tegu oli kunagi alguse saanud traditsiooni j\u00e4tkamisega, kuni 1994. aastani toimunud laulupeod olid \u00e4ra m\u00e4rgitud sealsamas l\u00e4histel asuvale aum\u00fc\u00fcrile, aga siis traditsioon katkes. Alleest sai aum\u00fc\u00fcrile pikendus, kus asuvatele tahvlitele lasime tagantj\u00e4rele raiuda ka vahelej\u00e4\u00e4nud pidude andmed \u2013 aastaarvu, kollektiivide ja osalejate arvu ning lisaks peo teemanimetuse.&nbsp;<\/p>\n\n\n\n<p class=\"wp-el\">\u201cIseoma\u201d peo andmed j\u00f5uavad alleele vahetult p\u00e4rast peo l\u00f5ppu, kui numbrid on kokku l\u00f6\u00f6dud. Eraldi \u00fcritust me sellega seonduvalt teha ei plaani, kuid kindlasti j\u00e4\u00e4dvustame protsessi ning teavitame avalikkust kui \u201cIseoma\u201d on kivisse raiutud.<\/p>\n\n\n\n<p class=\"wp-el\">Iga pidu on eriilmeline ning eriline ja v\u00f5ib arvata, et sellesuvist pidu oodatakse v\u00e4ga. Maailmas pole just k\u00f5ige lihtsamad ajad, mist\u00f5ttu on laulupeo \u00fchtsus ja positiivsus meile k\u00f5igile suureks kosutuseks.<\/p>\n","protected":false},"excerpt":{"rendered":"<p>2025. aasta kujuneb Tallinna Lauluv\u00e4ljakule rekordiliseks, sest nii palju suur\u00fcritusi ei ole \u00fchel hooajal veel Lauluv\u00e4ljakul toimunud. Oleme selleks aga&#8230;<\/p>\n","protected":false},"author":1,"featured_media":3111,"comment_status":"closed","ping_status":"closed","sticky":false,"template":"","format":"standard","meta":{"_acf_changed":false,"inline_featured_image":false,"footnotes":""},"categories":[2],"class_list":["post-4148","post","type-post","status-publish","format-standard","has-post-thumbnail","hentry","category-news"],"acf":[],"_links":{"self":[{"href":"https:\/\/www.lauluvaljak.ee\/en\/wp-json\/wp\/v2\/posts\/4148","targetHints":{"allow":["GET"]}}],"collection":[{"href":"https:\/\/www.lauluvaljak.ee\/en\/wp-json\/wp\/v2\/posts"}],"about":[{"href":"https:\/\/www.lauluvaljak.ee\/en\/wp-json\/wp\/v2\/types\/post"}],"author":[{"embeddable":true,"href":"https:\/\/www.lauluvaljak.ee\/en\/wp-json\/wp\/v2\/users\/1"}],"replies":[{"embeddable":true,"href":"https:\/\/www.lauluvaljak.ee\/en\/wp-json\/wp\/v2\/comments?post=4148"}],"version-history":[{"count":0,"href":"https:\/\/www.lauluvaljak.ee\/en\/wp-json\/wp\/v2\/posts\/4148\/revisions"}],"wp:featuredmedia":[{"embeddable":true,"href":"https:\/\/www.lauluvaljak.ee\/en\/wp-json\/wp\/v2\/media\/3111"}],"wp:attachment":[{"href":"https:\/\/www.lauluvaljak.ee\/en\/wp-json\/wp\/v2\/media?parent=4148"}],"wp:term":[{"taxonomy":"category","embeddable":true,"href":"https:\/\/www.lauluvaljak.ee\/en\/wp-json\/wp\/v2\/categories?post=4148"}],"curies":[{"name":"wp","href":"https:\/\/api.w.org\/{rel}","templated":true}]}}